{"id":6085,"date":"2026-04-27T17:35:13","date_gmt":"2026-04-27T15:35:13","guid":{"rendered":"https:\/\/feuerwehr-vorau.at\/site\/?p=6085"},"modified":"2026-04-27T17:55:29","modified_gmt":"2026-04-27T15:55:29","slug":"waldbrandeinsatz-in-eisbach-rein","status":"publish","type":"post","link":"https:\/\/feuerwehr-vorau.at\/site\/waldbrandeinsatz-in-eisbach-rein\/","title":{"rendered":"Waldbrandeinsatz in Eisbach-Rein"},"content":{"rendered":"\n<p>Seit den fr\u00fchen Morgenstunden des Montag 27.04.2026, steht die Feuerwehr Vorau, als Teil des Waldbrandzuges Hartberg, im Waldbrandeinsatz im Bezirk Graz-Umgebung, in Eisbach-Rein. Die Feuerwehr Vorau ist mit dem MZFA und 4 Kamerad:innen sowie den Waldbrandcontainern dabei.<\/p>\n\n\n\n<p>Nach der Alarmierung am Sonntag erfolgte am Montag um 03:00 Uhr der Abmarsch zum Sammelplatz in Rohrbach a.D. Lafnitz wo wir mit den anderen Teilen unseres Waldbrandzuges, den Feuerwehren des Abschnittes 5 zusammentrafen. Dann folgte die Weiterfahrt ins Einsatzgebiet, wo wir nach einer Einweisung in die Lage um ca. 06:00 Uhr unsere T\u00e4tigkeiten aufnehmen konnten.<\/p>\n\n\n\n<p>Im steilen Gel\u00e4nde f\u00fchrt unser Zug Nachl\u00f6scharbeiten mit Schanzwerkzeug und L\u00f6schrucks\u00e4cken, sowie auch aktive Brandbek\u00e4mfpung mit Strahlrohren durch. Im Einsatz stehen insgesamt ca. 350 Einsatzkr\u00e4fte sowie 8 Hubschrauber. Das betroffene Gebiet umfasst ca. 70 Hektar.<\/p>\n\n\n\n<p>Wir w\u00fcnschen unseren Kamerad:innen viel Erfolg f\u00fcr diesen Kr\u00e4fteraubenden Einsatz.<br>Geplant sind die L\u00f6scharbeiten bis ca. 20:00 Uhr, die R\u00fcckkehr erwarten wir ca. um Mitternacht.<\/p>\n\n\n\n<figure class=\"wp-block-gallery has-nested-images columns-default is-cropped wp-block-gallery-1 is-layout-flex wp-block-gallery-is-layout-flex\">\n<figure class=\"wp-block-image size-large\"><a href=\"https:\/\/feuerwehr-vorau.at\/site\/wp-content\/uploads\/2026\/04\/waldbrand_01_1280x.jpg\"><img fetchpriority=\"high\" fetchpriority=\"high\" decoding=\"async\" width=\"768\" height=\"1024\" data-id=\"6087\" src=\"https:\/\/feuerwehr-vorau.at\/site\/wp-content\/uploads\/2026\/04\/waldbrand_01_1280x-768x1024.jpg\" alt=\"\" class=\"wp-image-6087\"\/><\/a><\/figure>\n\n\n\n<figure class=\"wp-block-image size-large\"><a href=\"https:\/\/feuerwehr-vorau.at\/site\/wp-content\/uploads\/2026\/04\/waldbrand_19_1280x.jpg\"><img decoding=\"async\" width=\"1024\" height=\"768\" data-id=\"6097\" src=\"https:\/\/feuerwehr-vorau.at\/site\/wp-content\/uploads\/2026\/04\/waldbrand_19_1280x-1024x768.jpg\" alt=\"\" class=\"wp-image-6097\" srcset=\"https:\/\/feuerwehr-vorau.at\/site\/wp-content\/uploads\/2026\/04\/waldbrand_19_1280x-1024x768.jpg 1024w, https:\/\/feuerwehr-vorau.at\/site\/wp-content\/uploads\/2026\/04\/waldbrand_19_1280x-980x735.jpg 980w, https:\/\/feuerwehr-vorau.at\/site\/wp-content\/uploads\/2026\/04\/waldbrand_19_1280x-480x360.jpg 480w\" sizes=\"(min-width: 0px) and (max-width: 480px) 480px, (min-width: 481px) and (max-width: 980px) 980px, (min-width: 981px) 1024px, 100vw\" \/><\/a><\/figure>\n\n\n\n<figure class=\"wp-block-image size-large\"><a href=\"https:\/\/feuerwehr-vorau.at\/site\/wp-content\/uploads\/2026\/04\/waldbrand_20_1280x.jpg\"><img decoding=\"async\" width=\"1024\" height=\"768\" data-id=\"6099\" src=\"https:\/\/feuerwehr-vorau.at\/site\/wp-content\/uploads\/2026\/04\/waldbrand_20_1280x-1024x768.jpg\" alt=\"\" class=\"wp-image-6099\" srcset=\"https:\/\/feuerwehr-vorau.at\/site\/wp-content\/uploads\/2026\/04\/waldbrand_20_1280x-1024x768.jpg 1024w, https:\/\/feuerwehr-vorau.at\/site\/wp-content\/uploads\/2026\/04\/waldbrand_20_1280x-980x735.jpg 980w, https:\/\/feuerwehr-vorau.at\/site\/wp-content\/uploads\/2026\/04\/waldbrand_20_1280x-480x360.jpg 480w\" sizes=\"(min-width: 0px) and (max-width: 480px) 480px, (min-width: 481px) and (max-width: 980px) 980px, (min-width: 981px) 1024px, 100vw\" \/><\/a><\/figure>\n\n\n\n<figure class=\"wp-block-image size-large\"><a href=\"https:\/\/feuerwehr-vorau.at\/site\/wp-content\/uploads\/2026\/04\/waldbrand_02_1280x.jpg\"><img loading=\"lazy\" loading=\"lazy\" decoding=\"async\" width=\"768\" height=\"1024\" data-id=\"6089\" src=\"https:\/\/feuerwehr-vorau.at\/site\/wp-content\/uploads\/2026\/04\/waldbrand_02_1280x-768x1024.jpg\" alt=\"\" class=\"wp-image-6089\"\/><\/a><\/figure>\n\n\n\n<figure class=\"wp-block-image size-large\"><a href=\"https:\/\/feuerwehr-vorau.at\/site\/wp-content\/uploads\/2026\/04\/waldbrand_03_1280x.jpg\"><img loading=\"lazy\" loading=\"lazy\" decoding=\"async\" width=\"768\" height=\"1024\" data-id=\"6088\" src=\"https:\/\/feuerwehr-vorau.at\/site\/wp-content\/uploads\/2026\/04\/waldbrand_03_1280x-768x1024.jpg\" alt=\"\" class=\"wp-image-6088\"\/><\/a><\/figure>\n\n\n\n<figure class=\"wp-block-image size-large\"><a href=\"https:\/\/feuerwehr-vorau.at\/site\/wp-content\/uploads\/2026\/04\/waldbrand_06_1280x.jpg\"><img loading=\"lazy\" loading=\"lazy\" decoding=\"async\" width=\"768\" height=\"1024\" data-id=\"6086\" src=\"https:\/\/feuerwehr-vorau.at\/site\/wp-content\/uploads\/2026\/04\/waldbrand_06_1280x-768x1024.jpg\" alt=\"\" class=\"wp-image-6086\"\/><\/a><\/figure>\n\n\n\n<figure class=\"wp-block-image size-large\"><a href=\"https:\/\/feuerwehr-vorau.at\/site\/wp-content\/uploads\/2026\/04\/waldbrand_04_1280x.jpg\"><img loading=\"lazy\" loading=\"lazy\" decoding=\"async\" width=\"768\" height=\"1024\" data-id=\"6091\" src=\"https:\/\/feuerwehr-vorau.at\/site\/wp-content\/uploads\/2026\/04\/waldbrand_04_1280x-768x1024.jpg\" alt=\"\" class=\"wp-image-6091\"\/><\/a><\/figure>\n\n\n\n<figure class=\"wp-block-image size-large\"><a href=\"https:\/\/feuerwehr-vorau.at\/site\/wp-content\/uploads\/2026\/04\/waldbrand_07_1280x.jpg\"><img loading=\"lazy\" loading=\"lazy\" decoding=\"async\" width=\"1024\" height=\"768\" data-id=\"6092\" src=\"https:\/\/feuerwehr-vorau.at\/site\/wp-content\/uploads\/2026\/04\/waldbrand_07_1280x-1024x768.jpg\" alt=\"\" class=\"wp-image-6092\" srcset=\"https:\/\/feuerwehr-vorau.at\/site\/wp-content\/uploads\/2026\/04\/waldbrand_07_1280x-1024x768.jpg 1024w, https:\/\/feuerwehr-vorau.at\/site\/wp-content\/uploads\/2026\/04\/waldbrand_07_1280x-980x735.jpg 980w, https:\/\/feuerwehr-vorau.at\/site\/wp-content\/uploads\/2026\/04\/waldbrand_07_1280x-480x360.jpg 480w\" sizes=\"(min-width: 0px) and (max-width: 480px) 480px, (min-width: 481px) and (max-width: 980px) 980px, (min-width: 981px) 1024px, 100vw\" \/><\/a><\/figure>\n\n\n\n<figure class=\"wp-block-image size-large\"><a href=\"https:\/\/feuerwehr-vorau.at\/site\/wp-content\/uploads\/2026\/04\/waldbrand_08_1280x.jpg\"><img loading=\"lazy\" loading=\"lazy\" decoding=\"async\" width=\"1024\" height=\"771\" data-id=\"6107\" src=\"https:\/\/feuerwehr-vorau.at\/site\/wp-content\/uploads\/2026\/04\/waldbrand_08_1280x-1024x771.jpg\" alt=\"\" class=\"wp-image-6107\" srcset=\"https:\/\/feuerwehr-vorau.at\/site\/wp-content\/uploads\/2026\/04\/waldbrand_08_1280x-1024x771.jpg 1024w, https:\/\/feuerwehr-vorau.at\/site\/wp-content\/uploads\/2026\/04\/waldbrand_08_1280x-980x738.jpg 980w, https:\/\/feuerwehr-vorau.at\/site\/wp-content\/uploads\/2026\/04\/waldbrand_08_1280x-480x362.jpg 480w\" sizes=\"(min-width: 0px) and (max-width: 480px) 480px, (min-width: 481px) and (max-width: 980px) 980px, (min-width: 981px) 1024px, 100vw\" \/><\/a><\/figure>\n\n\n\n<figure class=\"wp-block-image size-large\"><a href=\"https:\/\/feuerwehr-vorau.at\/site\/wp-content\/uploads\/2026\/04\/waldbrand_09_1280x.jpg\"><img loading=\"lazy\" loading=\"lazy\" decoding=\"async\" width=\"576\" height=\"1024\" data-id=\"6094\" src=\"https:\/\/feuerwehr-vorau.at\/site\/wp-content\/uploads\/2026\/04\/waldbrand_09_1280x-576x1024.jpg\" alt=\"\" class=\"wp-image-6094\" srcset=\"https:\/\/feuerwehr-vorau.at\/site\/wp-content\/uploads\/2026\/04\/waldbrand_09_1280x-576x1024.jpg 576w, https:\/\/feuerwehr-vorau.at\/site\/wp-content\/uploads\/2026\/04\/waldbrand_09_1280x-480x853.jpg 480w\" sizes=\"(min-width: 0px) and (max-width: 480px) 480px, (min-width: 481px) 576px, 100vw\" \/><\/a><\/figure>\n\n\n\n<figure class=\"wp-block-image size-large\"><a href=\"https:\/\/feuerwehr-vorau.at\/site\/wp-content\/uploads\/2026\/04\/waldbrand_12_1280x.jpg\"><img loading=\"lazy\" loading=\"lazy\" decoding=\"async\" width=\"768\" height=\"1024\" data-id=\"6109\" src=\"https:\/\/feuerwehr-vorau.at\/site\/wp-content\/uploads\/2026\/04\/waldbrand_12_1280x-768x1024.jpg\" alt=\"\" class=\"wp-image-6109\"\/><\/a><\/figure>\n\n\n\n<figure class=\"wp-block-image size-large\"><a href=\"https:\/\/feuerwehr-vorau.at\/site\/wp-content\/uploads\/2026\/04\/waldbrand_05_1280x.jpg\"><img loading=\"lazy\" loading=\"lazy\" decoding=\"async\" width=\"768\" height=\"1024\" data-id=\"6090\" src=\"https:\/\/feuerwehr-vorau.at\/site\/wp-content\/uploads\/2026\/04\/waldbrand_05_1280x-768x1024.jpg\" alt=\"\" class=\"wp-image-6090\"\/><\/a><\/figure>\n\n\n\n<figure class=\"wp-block-image size-large\"><a href=\"https:\/\/feuerwehr-vorau.at\/site\/wp-content\/uploads\/2026\/04\/waldbrand_13_1280x.jpg\"><img loading=\"lazy\" loading=\"lazy\" decoding=\"async\" width=\"768\" height=\"1024\" data-id=\"6108\" src=\"https:\/\/feuerwehr-vorau.at\/site\/wp-content\/uploads\/2026\/04\/waldbrand_13_1280x-768x1024.jpg\" alt=\"\" class=\"wp-image-6108\"\/><\/a><\/figure>\n\n\n\n<figure class=\"wp-block-image size-large\"><a href=\"https:\/\/feuerwehr-vorau.at\/site\/wp-content\/uploads\/2026\/04\/waldbrand_10_1280x.jpg\"><img loading=\"lazy\" loading=\"lazy\" decoding=\"async\" width=\"768\" height=\"1024\" data-id=\"6098\" src=\"https:\/\/feuerwehr-vorau.at\/site\/wp-content\/uploads\/2026\/04\/waldbrand_10_1280x-768x1024.jpg\" alt=\"\" class=\"wp-image-6098\"\/><\/a><\/figure>\n\n\n\n<figure class=\"wp-block-image size-large\"><a href=\"https:\/\/feuerwehr-vorau.at\/site\/wp-content\/uploads\/2026\/04\/waldbrand_11_1280x.jpg\"><img loading=\"lazy\" loading=\"lazy\" decoding=\"async\" width=\"768\" height=\"1024\" data-id=\"6106\" src=\"https:\/\/feuerwehr-vorau.at\/site\/wp-content\/uploads\/2026\/04\/waldbrand_11_1280x-768x1024.jpg\" alt=\"\" class=\"wp-image-6106\"\/><\/a><\/figure>\n\n\n\n<figure class=\"wp-block-image size-large\"><a href=\"https:\/\/feuerwehr-vorau.at\/site\/wp-content\/uploads\/2026\/04\/waldbrand_14_1280x.jpg\"><img loading=\"lazy\" loading=\"lazy\" decoding=\"async\" width=\"576\" height=\"1024\" data-id=\"6105\" src=\"https:\/\/feuerwehr-vorau.at\/site\/wp-content\/uploads\/2026\/04\/waldbrand_14_1280x-576x1024.jpg\" alt=\"\" class=\"wp-image-6105\" srcset=\"https:\/\/feuerwehr-vorau.at\/site\/wp-content\/uploads\/2026\/04\/waldbrand_14_1280x-576x1024.jpg 576w, https:\/\/feuerwehr-vorau.at\/site\/wp-content\/uploads\/2026\/04\/waldbrand_14_1280x-480x853.jpg 480w\" sizes=\"(min-width: 0px) and (max-width: 480px) 480px, (min-width: 481px) 576px, 100vw\" \/><\/a><\/figure>\n\n\n\n<figure class=\"wp-block-image size-large\"><a href=\"https:\/\/feuerwehr-vorau.at\/site\/wp-content\/uploads\/2026\/04\/waldbrand_16_1280x.jpg\"><img loading=\"lazy\" loading=\"lazy\" decoding=\"async\" width=\"768\" height=\"1024\" data-id=\"6104\" src=\"https:\/\/feuerwehr-vorau.at\/site\/wp-content\/uploads\/2026\/04\/waldbrand_16_1280x-768x1024.jpg\" alt=\"\" class=\"wp-image-6104\"\/><\/a><\/figure>\n\n\n\n<figure class=\"wp-block-image size-large\"><a href=\"https:\/\/feuerwehr-vorau.at\/site\/wp-content\/uploads\/2026\/04\/waldbrand_15_1280x.jpg\"><img loading=\"lazy\" loading=\"lazy\" decoding=\"async\" width=\"768\" height=\"1024\" data-id=\"6093\" src=\"https:\/\/feuerwehr-vorau.at\/site\/wp-content\/uploads\/2026\/04\/waldbrand_15_1280x-768x1024.jpg\" alt=\"\" class=\"wp-image-6093\"\/><\/a><\/figure>\n\n\n\n<figure class=\"wp-block-image size-large\"><a href=\"https:\/\/feuerwehr-vorau.at\/site\/wp-content\/uploads\/2026\/04\/waldbrand_17_1280x.jpg\"><img loading=\"lazy\" loading=\"lazy\" decoding=\"async\" width=\"1024\" height=\"768\" data-id=\"6096\" src=\"https:\/\/feuerwehr-vorau.at\/site\/wp-content\/uploads\/2026\/04\/waldbrand_17_1280x-1024x768.jpg\" alt=\"\" class=\"wp-image-6096\" srcset=\"https:\/\/feuerwehr-vorau.at\/site\/wp-content\/uploads\/2026\/04\/waldbrand_17_1280x-1024x768.jpg 1024w, https:\/\/feuerwehr-vorau.at\/site\/wp-content\/uploads\/2026\/04\/waldbrand_17_1280x-980x735.jpg 980w, https:\/\/feuerwehr-vorau.at\/site\/wp-content\/uploads\/2026\/04\/waldbrand_17_1280x-480x360.jpg 480w\" sizes=\"(min-width: 0px) and (max-width: 480px) 480px, (min-width: 481px) and (max-width: 980px) 980px, (min-width: 981px) 1024px, 100vw\" \/><\/a><\/figure>\n\n\n\n<figure class=\"wp-block-image size-large\"><a href=\"https:\/\/feuerwehr-vorau.at\/site\/wp-content\/uploads\/2026\/04\/waldbrand_18_1280x.jpg\"><img loading=\"lazy\" loading=\"lazy\" decoding=\"async\" width=\"1024\" height=\"768\" data-id=\"6095\" src=\"https:\/\/feuerwehr-vorau.at\/site\/wp-content\/uploads\/2026\/04\/waldbrand_18_1280x-1024x768.jpg\" alt=\"\" class=\"wp-image-6095\" srcset=\"https:\/\/feuerwehr-vorau.at\/site\/wp-content\/uploads\/2026\/04\/waldbrand_18_1280x-1024x768.jpg 1024w, https:\/\/feuerwehr-vorau.at\/site\/wp-content\/uploads\/2026\/04\/waldbrand_18_1280x-980x735.jpg 980w, https:\/\/feuerwehr-vorau.at\/site\/wp-content\/uploads\/2026\/04\/waldbrand_18_1280x-480x360.jpg 480w\" sizes=\"(min-width: 0px) and (max-width: 480px) 480px, (min-width: 481px) and (max-width: 980px) 980px, (min-width: 981px) 1024px, 100vw\" \/><\/a><\/figure>\n\n\n\n<figure class=\"wp-block-image size-large\"><a href=\"https:\/\/feuerwehr-vorau.at\/site\/wp-content\/uploads\/2026\/04\/waldbrand_21_1280x.jpg\"><img loading=\"lazy\" loading=\"lazy\" decoding=\"async\" width=\"768\" height=\"1024\" data-id=\"6101\" src=\"https:\/\/feuerwehr-vorau.at\/site\/wp-content\/uploads\/2026\/04\/waldbrand_21_1280x-768x1024.jpg\" alt=\"\" class=\"wp-image-6101\"\/><\/a><\/figure>\n\n\n\n<figure class=\"wp-block-image size-large\"><a href=\"https:\/\/feuerwehr-vorau.at\/site\/wp-content\/uploads\/2026\/04\/waldbrand_23_1280x.jpg\"><img loading=\"lazy\" loading=\"lazy\" decoding=\"async\" width=\"768\" height=\"1024\" data-id=\"6100\" src=\"https:\/\/feuerwehr-vorau.at\/site\/wp-content\/uploads\/2026\/04\/waldbrand_23_1280x-768x1024.jpg\" alt=\"\" class=\"wp-image-6100\"\/><\/a><\/figure>\n\n\n\n<figure class=\"wp-block-image size-large\"><a href=\"https:\/\/feuerwehr-vorau.at\/site\/wp-content\/uploads\/2026\/04\/waldbrand_24_1280x.jpg\"><img loading=\"lazy\" loading=\"lazy\" decoding=\"async\" width=\"768\" height=\"1024\" data-id=\"6103\" src=\"https:\/\/feuerwehr-vorau.at\/site\/wp-content\/uploads\/2026\/04\/waldbrand_24_1280x-768x1024.jpg\" alt=\"\" class=\"wp-image-6103\"\/><\/a><\/figure>\n\n\n\n<figure class=\"wp-block-image size-large\"><a href=\"https:\/\/feuerwehr-vorau.at\/site\/wp-content\/uploads\/2026\/04\/waldbrand_22_1280x.jpg\"><img loading=\"lazy\" loading=\"lazy\" decoding=\"async\" width=\"768\" height=\"1024\" data-id=\"6102\" src=\"https:\/\/feuerwehr-vorau.at\/site\/wp-content\/uploads\/2026\/04\/waldbrand_22_1280x-768x1024.jpg\" alt=\"\" class=\"wp-image-6102\"\/><\/a><\/figure>\n<\/figure>\n","protected":false},"excerpt":{"rendered":"<p>Seit den fr\u00fchen Morgenstunden des Montag 27.04.2026, steht die Feuerwehr Vorau, als Teil des Waldbrandzuges Hartberg, im Waldbrandeinsatz im Bezirk Graz-Umgebung, in Eisbach-Rein. Die Feuerwehr Vorau ist mit dem MZFA und 4 Kamerad:innen sowie den Waldbrandcontainern dabei. Nach der Alarmierung am Sonntag erfolgte am Montag um 03:00 Uhr der Abmarsch zum Sammelplatz in Rohrbach a.D. [&hellip;]<\/p>\n","protected":false},"author":1,"featured_media":6104,"comment_status":"open","ping_status":"open","sticky":false,"template":"","format":"standard","meta":{"_et_pb_use_builder":"off","_et_pb_old_content":"<!-- wp:paragraph -->\n<p>Seit den fr\u00fchen Morgenstunden des Montag 27.04.2026, steht die Feuerwehr Vorau, als Teil des Waldbrandzuges Hartberg, im Waldbrandeinsatz beim Waldbrand im Bezirk Graz-Umgebung, in Eisbach-Rein. Die Feuerwehr Vorau ist mit dem MZFA und 4 Kamerad:innen sowie den Waldbrandcontainern dabei.<\/p>\n<!-- \/wp:paragraph -->\n\n<!-- wp:paragraph -->\n<p>Nach der Alarmierung am Sonntag erfolgte am Montag um 03:00 Uhr der Abmarsch zum Sammelplatz in Rohrbach a.D. Lafnitz wo wir mit den anderen Teilen unseres Waldbrandzuges, den Feuerwehren des Abschnittes 5 zusammentrafen. Dann folgte die Weiterfahrt ins Einsatzgebiet, wo wir nach einer Einweisung in die Lage um ca. 06:00 Uhr unsere T\u00e4tigkeiten aufnehmen konnten.<\/p>\n<!-- \/wp:paragraph -->\n\n<!-- wp:paragraph -->\n<p>Im steilen Gel\u00e4nde f\u00fchrt unser Zug Nachl\u00f6scharbeiten mit Schanzwerkzeug und L\u00f6schrucks\u00e4cken, sowie auch aktive Brandbek\u00e4mfpung mit Strahlrohren durch. Im Einsatz stehen insgesamt ca. 350 Einsatzkr\u00e4fte sowie 8 Hubschrauber. Das betroffene Gebiet umfasst ca. 70 Hektar.<\/p>\n<!-- \/wp:paragraph -->\n\n<!-- wp:paragraph -->\n<p>Wir w\u00fcnschen unseren Kamerad:innen viel Erfolg f\u00fcr diesen Kr\u00e4fteraubenden Einsatz.<br>Geplant sind die L\u00f6scharbeiten bis ca. 20:00 Uhr, die R\u00fcckkehr erwarten wir ca. um Mitternacht.<\/p>\n<!-- \/wp:paragraph -->\n\n<!-- wp:gallery {\"linkTo\":\"media\"} -->\n<figure class=\"wp-block-gallery has-nested-images columns-default is-cropped\"><!-- wp:image {\"id\":6087,\"sizeSlug\":\"large\",\"linkDestination\":\"none\"} -->\n<figure class=\"wp-block-image size-large\"><img src=\"https:\/\/feuerwehr-vorau.at\/site\/wp-content\/uploads\/2026\/04\/waldbrand_01_1280x-768x1024.jpg\" alt=\"\" class=\"wp-image-6087\"\/><\/figure>\n<!-- \/wp:image -->\n\n<!-- wp:image {\"id\":6089,\"sizeSlug\":\"large\",\"linkDestination\":\"none\"} -->\n<figure class=\"wp-block-image size-large\"><img src=\"https:\/\/feuerwehr-vorau.at\/site\/wp-content\/uploads\/2026\/04\/waldbrand_02_1280x-768x1024.jpg\" alt=\"\" class=\"wp-image-6089\"\/><\/figure>\n<!-- \/wp:image -->\n\n<!-- wp:image {\"id\":6088,\"sizeSlug\":\"large\",\"linkDestination\":\"none\"} -->\n<figure class=\"wp-block-image size-large\"><img src=\"https:\/\/feuerwehr-vorau.at\/site\/wp-content\/uploads\/2026\/04\/waldbrand_03_1280x-768x1024.jpg\" alt=\"\" class=\"wp-image-6088\"\/><\/figure>\n<!-- \/wp:image -->\n\n<!-- wp:image {\"id\":6086,\"sizeSlug\":\"large\",\"linkDestination\":\"none\"} -->\n<figure class=\"wp-block-image size-large\"><img src=\"https:\/\/feuerwehr-vorau.at\/site\/wp-content\/uploads\/2026\/04\/waldbrand_06_1280x-768x1024.jpg\" alt=\"\" class=\"wp-image-6086\"\/><\/figure>\n<!-- \/wp:image -->\n\n<!-- wp:image {\"id\":6091,\"sizeSlug\":\"large\",\"linkDestination\":\"none\"} -->\n<figure class=\"wp-block-image size-large\"><img src=\"https:\/\/feuerwehr-vorau.at\/site\/wp-content\/uploads\/2026\/04\/waldbrand_04_1280x-768x1024.jpg\" alt=\"\" class=\"wp-image-6091\"\/><\/figure>\n<!-- \/wp:image -->\n\n<!-- wp:image {\"id\":6092,\"sizeSlug\":\"large\",\"linkDestination\":\"none\"} -->\n<figure class=\"wp-block-image size-large\"><img src=\"https:\/\/feuerwehr-vorau.at\/site\/wp-content\/uploads\/2026\/04\/waldbrand_07_1280x-1024x768.jpg\" alt=\"\" class=\"wp-image-6092\"\/><\/figure>\n<!-- \/wp:image -->\n\n<!-- wp:image {\"id\":6090,\"sizeSlug\":\"large\",\"linkDestination\":\"none\"} -->\n<figure class=\"wp-block-image size-large\"><img src=\"https:\/\/feuerwehr-vorau.at\/site\/wp-content\/uploads\/2026\/04\/waldbrand_05_1280x-768x1024.jpg\" alt=\"\" class=\"wp-image-6090\"\/><\/figure>\n<!-- \/wp:image -->\n\n<!-- wp:image {\"id\":6107,\"sizeSlug\":\"large\",\"linkDestination\":\"none\"} -->\n<figure class=\"wp-block-image size-large\"><img src=\"https:\/\/feuerwehr-vorau.at\/site\/wp-content\/uploads\/2026\/04\/waldbrand_08_1280x-1024x771.jpg\" alt=\"\" class=\"wp-image-6107\"\/><\/figure>\n<!-- \/wp:image -->\n\n<!-- wp:image {\"id\":6094,\"sizeSlug\":\"large\",\"linkDestination\":\"none\"} -->\n<figure class=\"wp-block-image size-large\"><img src=\"https:\/\/feuerwehr-vorau.at\/site\/wp-content\/uploads\/2026\/04\/waldbrand_09_1280x-576x1024.jpg\" alt=\"\" class=\"wp-image-6094\"\/><\/figure>\n<!-- \/wp:image -->\n\n<!-- wp:image {\"id\":6098,\"sizeSlug\":\"large\",\"linkDestination\":\"none\"} -->\n<figure class=\"wp-block-image size-large\"><img src=\"https:\/\/feuerwehr-vorau.at\/site\/wp-content\/uploads\/2026\/04\/waldbrand_10_1280x-768x1024.jpg\" alt=\"\" class=\"wp-image-6098\"\/><\/figure>\n<!-- \/wp:image -->\n\n<!-- wp:image {\"id\":6106,\"sizeSlug\":\"large\",\"linkDestination\":\"none\"} -->\n<figure class=\"wp-block-image size-large\"><img src=\"https:\/\/feuerwehr-vorau.at\/site\/wp-content\/uploads\/2026\/04\/waldbrand_11_1280x-768x1024.jpg\" alt=\"\" class=\"wp-image-6106\"\/><\/figure>\n<!-- \/wp:image -->\n\n<!-- wp:image {\"id\":6109,\"sizeSlug\":\"large\",\"linkDestination\":\"none\"} -->\n<figure class=\"wp-block-image size-large\"><img src=\"https:\/\/feuerwehr-vorau.at\/site\/wp-content\/uploads\/2026\/04\/waldbrand_12_1280x-768x1024.jpg\" alt=\"\" class=\"wp-image-6109\"\/><\/figure>\n<!-- \/wp:image -->\n\n<!-- wp:image {\"id\":6108,\"sizeSlug\":\"large\",\"linkDestination\":\"none\"} -->\n<figure class=\"wp-block-image size-large\"><img src=\"https:\/\/feuerwehr-vorau.at\/site\/wp-content\/uploads\/2026\/04\/waldbrand_13_1280x-768x1024.jpg\" alt=\"\" class=\"wp-image-6108\"\/><\/figure>\n<!-- \/wp:image -->\n\n<!-- wp:image {\"id\":6105,\"sizeSlug\":\"large\",\"linkDestination\":\"none\"} -->\n<figure class=\"wp-block-image size-large\"><img src=\"https:\/\/feuerwehr-vorau.at\/site\/wp-content\/uploads\/2026\/04\/waldbrand_14_1280x-576x1024.jpg\" alt=\"\" class=\"wp-image-6105\"\/><\/figure>\n<!-- \/wp:image -->\n\n<!-- wp:image {\"id\":6093,\"sizeSlug\":\"large\",\"linkDestination\":\"none\"} -->\n<figure class=\"wp-block-image size-large\"><img src=\"https:\/\/feuerwehr-vorau.at\/site\/wp-content\/uploads\/2026\/04\/waldbrand_15_1280x-768x1024.jpg\" alt=\"\" class=\"wp-image-6093\"\/><\/figure>\n<!-- \/wp:image -->\n\n<!-- wp:image {\"id\":6104,\"sizeSlug\":\"large\",\"linkDestination\":\"none\"} -->\n<figure class=\"wp-block-image size-large\"><img src=\"https:\/\/feuerwehr-vorau.at\/site\/wp-content\/uploads\/2026\/04\/waldbrand_16_1280x-768x1024.jpg\" alt=\"\" class=\"wp-image-6104\"\/><\/figure>\n<!-- \/wp:image -->\n\n<!-- wp:image {\"id\":6096,\"sizeSlug\":\"large\",\"linkDestination\":\"none\"} -->\n<figure class=\"wp-block-image size-large\"><img src=\"https:\/\/feuerwehr-vorau.at\/site\/wp-content\/uploads\/2026\/04\/waldbrand_17_1280x-1024x768.jpg\" alt=\"\" class=\"wp-image-6096\"\/><\/figure>\n<!-- \/wp:image -->\n\n<!-- wp:image {\"id\":6095,\"sizeSlug\":\"large\",\"linkDestination\":\"none\"} -->\n<figure class=\"wp-block-image size-large\"><img src=\"https:\/\/feuerwehr-vorau.at\/site\/wp-content\/uploads\/2026\/04\/waldbrand_18_1280x-1024x768.jpg\" alt=\"\" class=\"wp-image-6095\"\/><\/figure>\n<!-- \/wp:image -->\n\n<!-- wp:image {\"id\":6097,\"sizeSlug\":\"large\",\"linkDestination\":\"none\"} -->\n<figure class=\"wp-block-image size-large\"><img src=\"https:\/\/feuerwehr-vorau.at\/site\/wp-content\/uploads\/2026\/04\/waldbrand_19_1280x-1024x768.jpg\" alt=\"\" class=\"wp-image-6097\"\/><\/figure>\n<!-- \/wp:image -->\n\n<!-- wp:image {\"id\":6099,\"sizeSlug\":\"large\",\"linkDestination\":\"none\"} -->\n<figure class=\"wp-block-image size-large\"><img src=\"https:\/\/feuerwehr-vorau.at\/site\/wp-content\/uploads\/2026\/04\/waldbrand_20_1280x-1024x768.jpg\" alt=\"\" class=\"wp-image-6099\"\/><\/figure>\n<!-- \/wp:image -->\n\n<!-- wp:image {\"id\":6101,\"sizeSlug\":\"large\",\"linkDestination\":\"none\"} -->\n<figure class=\"wp-block-image size-large\"><img src=\"https:\/\/feuerwehr-vorau.at\/site\/wp-content\/uploads\/2026\/04\/waldbrand_21_1280x-768x1024.jpg\" alt=\"\" class=\"wp-image-6101\"\/><\/figure>\n<!-- \/wp:image -->\n\n<!-- wp:image {\"id\":6102,\"sizeSlug\":\"large\",\"linkDestination\":\"none\"} -->\n<figure class=\"wp-block-image size-large\"><img src=\"https:\/\/feuerwehr-vorau.at\/site\/wp-content\/uploads\/2026\/04\/waldbrand_22_1280x-768x1024.jpg\" alt=\"\" class=\"wp-image-6102\"\/><\/figure>\n<!-- \/wp:image -->\n\n<!-- wp:image {\"id\":6100,\"sizeSlug\":\"large\",\"linkDestination\":\"none\"} -->\n<figure class=\"wp-block-image size-large\"><img src=\"https:\/\/feuerwehr-vorau.at\/site\/wp-content\/uploads\/2026\/04\/waldbrand_23_1280x-768x1024.jpg\" alt=\"\" class=\"wp-image-6100\"\/><\/figure>\n<!-- \/wp:image -->\n\n<!-- wp:image {\"id\":6103,\"sizeSlug\":\"large\",\"linkDestination\":\"none\"} -->\n<figure class=\"wp-block-image size-large\"><img src=\"https:\/\/feuerwehr-vorau.at\/site\/wp-content\/uploads\/2026\/04\/waldbrand_24_1280x-768x1024.jpg\" alt=\"\" class=\"wp-image-6103\"\/><\/figure>\n<!-- \/wp:image --><\/figure>\n<!-- \/wp:gallery -->","_et_gb_content_width":"","inline_featured_image":false,"_vp_format_video_url":"","_vp_image_focal_point":[],"footnotes":""},"categories":[24],"tags":[],"class_list":["post-6085","post","type-post","status-publish","format-standard","has-post-thumbnail","hentry","category-einsaetze"],"_links":{"self":[{"href":"https:\/\/feuerwehr-vorau.at\/site\/wp-json\/wp\/v2\/posts\/6085","targetHints":{"allow":["GET"]}}],"collection":[{"href":"https:\/\/feuerwehr-vorau.at\/site\/wp-json\/wp\/v2\/posts"}],"about":[{"href":"https:\/\/feuerwehr-vorau.at\/site\/wp-json\/wp\/v2\/types\/post"}],"author":[{"embeddable":true,"href":"https:\/\/feuerwehr-vorau.at\/site\/wp-json\/wp\/v2\/users\/1"}],"replies":[{"embeddable":true,"href":"https:\/\/feuerwehr-vorau.at\/site\/wp-json\/wp\/v2\/comments?post=6085"}],"version-history":[{"count":4,"href":"https:\/\/feuerwehr-vorau.at\/site\/wp-json\/wp\/v2\/posts\/6085\/revisions"}],"predecessor-version":[{"id":6126,"href":"https:\/\/feuerwehr-vorau.at\/site\/wp-json\/wp\/v2\/posts\/6085\/revisions\/6126"}],"wp:featuredmedia":[{"embeddable":true,"href":"https:\/\/feuerwehr-vorau.at\/site\/wp-json\/wp\/v2\/media\/6104"}],"wp:attachment":[{"href":"https:\/\/feuerwehr-vorau.at\/site\/wp-json\/wp\/v2\/media?parent=6085"}],"wp:term":[{"taxonomy":"category","embeddable":true,"href":"https:\/\/feuerwehr-vorau.at\/site\/wp-json\/wp\/v2\/categories?post=6085"},{"taxonomy":"post_tag","embeddable":true,"href":"https:\/\/feuerwehr-vorau.at\/site\/wp-json\/wp\/v2\/tags?post=6085"}],"curies":[{"name":"wp","href":"https:\/\/api.w.org\/{rel}","templated":true}]}}