{"id":5908,"date":"2026-03-01T13:24:31","date_gmt":"2026-03-01T12:24:31","guid":{"rendered":"https:\/\/feuerwehr-vorau.at\/site\/?p=5908"},"modified":"2026-03-01T13:24:32","modified_gmt":"2026-03-01T12:24:32","slug":"fahrzeugbergung-nach-verkehrsunfall-in-vorau","status":"publish","type":"post","link":"https:\/\/feuerwehr-vorau.at\/site\/fahrzeugbergung-nach-verkehrsunfall-in-vorau\/","title":{"rendered":"Fahrzeugbergung nach Verkehrsunfall in Vorau"},"content":{"rendered":"\n<p>Am Sonntag dem 01.03.2026 wurde die Feuerwehr Vorau um 03:16 Uhr mit Stillem Alarm zu einer Fahrzeugbergung nach einem Verkehrsunfall im Ortsteil Vorau gerufen. &#8222;PKW gegen Baum&#8220; lautete die Alarmabfrage. Nach wenigen Minuten r\u00fcckten das RLFA und der LKWA zum Einsatz aus.<\/p>\n\n\n\n<p>Ein PKW-Lenker war aus ungekl\u00e4rter Ursache in einer Kurve von der Fahrbahn abgekommen und gegen einen Baum geprallt. Der Mann hatte sich selbst aus dem Fahrzeug befreien k\u00f6nnen und war augenscheinlich unverletzt geblieben. Beim Eintreffen der Feuerwehr war die Polizei vor Ort.<\/p>\n\n\n\n<p>Nach dem Ausleuchten und Absichern der Einsatzstelle wurde der Unfallwagen mittels Wagenheber und Rangierroller geborgen und f\u00fcr den Abtransport durch ein Abschleppunternehmen vorbereitet. In weiterer Folge unterst\u00fctzten die Feuerwehrkameraden beim Abtransport zur KFZ-Werkstatt.<\/p>\n\n\n\n<p>Nach ca. 2 Stunden war der Einsatz beendet und Mannschaft und Ger\u00e4t zur\u00fcck im R\u00fcsthaus einsatzbereit.<\/p>\n\n\n\n<figure class=\"wp-block-gallery has-nested-images columns-default is-cropped wp-block-gallery-1 is-layout-flex wp-block-gallery-is-layout-flex\">\n<figure class=\"wp-block-image size-large\"><a href=\"https:\/\/feuerwehr-vorau.at\/site\/wp-content\/uploads\/2026\/03\/fahrzeugbergung_03_1280x.jpg\"><img fetchpriority=\"high\" fetchpriority=\"high\" decoding=\"async\" width=\"768\" height=\"1024\" data-id=\"5910\" src=\"https:\/\/feuerwehr-vorau.at\/site\/wp-content\/uploads\/2026\/03\/fahrzeugbergung_03_1280x-768x1024.jpg\" alt=\"\" class=\"wp-image-5910\"\/><\/a><\/figure>\n\n\n\n<figure class=\"wp-block-image size-large\"><a href=\"https:\/\/feuerwehr-vorau.at\/site\/wp-content\/uploads\/2026\/03\/fahrzeugbergung_01_1280x.jpg\"><img decoding=\"async\" width=\"768\" height=\"1024\" data-id=\"5909\" src=\"https:\/\/feuerwehr-vorau.at\/site\/wp-content\/uploads\/2026\/03\/fahrzeugbergung_01_1280x-768x1024.jpg\" alt=\"\" class=\"wp-image-5909\"\/><\/a><\/figure>\n\n\n\n<figure class=\"wp-block-image size-large\"><a href=\"https:\/\/feuerwehr-vorau.at\/site\/wp-content\/uploads\/2026\/03\/fahrzeugbergung_02_1280x.jpg\"><img decoding=\"async\" width=\"768\" height=\"1024\" data-id=\"5911\" src=\"https:\/\/feuerwehr-vorau.at\/site\/wp-content\/uploads\/2026\/03\/fahrzeugbergung_02_1280x-768x1024.jpg\" alt=\"\" class=\"wp-image-5911\"\/><\/a><\/figure>\n\n\n\n<figure class=\"wp-block-image size-large\"><a href=\"https:\/\/feuerwehr-vorau.at\/site\/wp-content\/uploads\/2026\/03\/fahrzeugbergung_05_1280x.jpg\"><img loading=\"lazy\" loading=\"lazy\" decoding=\"async\" width=\"768\" height=\"1024\" data-id=\"5912\" src=\"https:\/\/feuerwehr-vorau.at\/site\/wp-content\/uploads\/2026\/03\/fahrzeugbergung_05_1280x-768x1024.jpg\" alt=\"\" class=\"wp-image-5912\"\/><\/a><\/figure>\n\n\n\n<figure class=\"wp-block-image size-large\"><a href=\"https:\/\/feuerwehr-vorau.at\/site\/wp-content\/uploads\/2026\/03\/fahrzeugbergung_06_1280x.jpg\"><img loading=\"lazy\" loading=\"lazy\" decoding=\"async\" width=\"768\" height=\"1024\" data-id=\"5913\" src=\"https:\/\/feuerwehr-vorau.at\/site\/wp-content\/uploads\/2026\/03\/fahrzeugbergung_06_1280x-768x1024.jpg\" alt=\"\" class=\"wp-image-5913\"\/><\/a><\/figure>\n\n\n\n<figure class=\"wp-block-image size-large\"><a href=\"https:\/\/feuerwehr-vorau.at\/site\/wp-content\/uploads\/2026\/03\/fahrzeugbergung_04_1280x.jpg\"><img loading=\"lazy\" loading=\"lazy\" decoding=\"async\" width=\"768\" height=\"1024\" data-id=\"5914\" src=\"https:\/\/feuerwehr-vorau.at\/site\/wp-content\/uploads\/2026\/03\/fahrzeugbergung_04_1280x-768x1024.jpg\" alt=\"\" class=\"wp-image-5914\"\/><\/a><\/figure>\n\n\n\n<figure class=\"wp-block-image size-large\"><a href=\"https:\/\/feuerwehr-vorau.at\/site\/wp-content\/uploads\/2026\/03\/fahrzeugbergung_07_1280x.jpg\"><img loading=\"lazy\" loading=\"lazy\" decoding=\"async\" width=\"768\" height=\"1024\" data-id=\"5920\" src=\"https:\/\/feuerwehr-vorau.at\/site\/wp-content\/uploads\/2026\/03\/fahrzeugbergung_07_1280x-768x1024.jpg\" alt=\"\" class=\"wp-image-5920\"\/><\/a><\/figure>\n\n\n\n<figure class=\"wp-block-image size-large\"><a href=\"https:\/\/feuerwehr-vorau.at\/site\/wp-content\/uploads\/2026\/03\/fahrzeugbergung_08_1280x.jpg\"><img loading=\"lazy\" loading=\"lazy\" decoding=\"async\" width=\"1024\" height=\"768\" data-id=\"5918\" src=\"https:\/\/feuerwehr-vorau.at\/site\/wp-content\/uploads\/2026\/03\/fahrzeugbergung_08_1280x-1024x768.jpg\" alt=\"\" class=\"wp-image-5918\" srcset=\"https:\/\/feuerwehr-vorau.at\/site\/wp-content\/uploads\/2026\/03\/fahrzeugbergung_08_1280x-1024x768.jpg 1024w, https:\/\/feuerwehr-vorau.at\/site\/wp-content\/uploads\/2026\/03\/fahrzeugbergung_08_1280x-980x735.jpg 980w, https:\/\/feuerwehr-vorau.at\/site\/wp-content\/uploads\/2026\/03\/fahrzeugbergung_08_1280x-480x360.jpg 480w\" sizes=\"(min-width: 0px) and (max-width: 480px) 480px, (min-width: 481px) and (max-width: 980px) 980px, (min-width: 981px) 1024px, 100vw\" \/><\/a><\/figure>\n\n\n\n<figure class=\"wp-block-image size-large\"><a href=\"https:\/\/feuerwehr-vorau.at\/site\/wp-content\/uploads\/2026\/03\/fahrzeugbergung_09_1280x.jpg\"><img loading=\"lazy\" loading=\"lazy\" decoding=\"async\" width=\"768\" height=\"1024\" data-id=\"5919\" src=\"https:\/\/feuerwehr-vorau.at\/site\/wp-content\/uploads\/2026\/03\/fahrzeugbergung_09_1280x-768x1024.jpg\" alt=\"\" class=\"wp-image-5919\"\/><\/a><\/figure>\n\n\n\n<figure class=\"wp-block-image size-large\"><a href=\"https:\/\/feuerwehr-vorau.at\/site\/wp-content\/uploads\/2026\/03\/fahrzeugbergung_10_1280x.jpg\"><img loading=\"lazy\" loading=\"lazy\" decoding=\"async\" width=\"768\" height=\"1024\" data-id=\"5917\" src=\"https:\/\/feuerwehr-vorau.at\/site\/wp-content\/uploads\/2026\/03\/fahrzeugbergung_10_1280x-768x1024.jpg\" alt=\"\" class=\"wp-image-5917\"\/><\/a><\/figure>\n\n\n\n<figure class=\"wp-block-image size-large\"><a href=\"https:\/\/feuerwehr-vorau.at\/site\/wp-content\/uploads\/2026\/03\/fahrzeugbergung_12_1280x.jpg\"><img loading=\"lazy\" loading=\"lazy\" decoding=\"async\" width=\"768\" height=\"1024\" data-id=\"5916\" src=\"https:\/\/feuerwehr-vorau.at\/site\/wp-content\/uploads\/2026\/03\/fahrzeugbergung_12_1280x-768x1024.jpg\" alt=\"\" class=\"wp-image-5916\"\/><\/a><\/figure>\n\n\n\n<figure class=\"wp-block-image size-large\"><a href=\"https:\/\/feuerwehr-vorau.at\/site\/wp-content\/uploads\/2026\/03\/fahrzeugbergung_13_1280x.jpg\"><img loading=\"lazy\" loading=\"lazy\" decoding=\"async\" width=\"768\" height=\"1024\" data-id=\"5921\" src=\"https:\/\/feuerwehr-vorau.at\/site\/wp-content\/uploads\/2026\/03\/fahrzeugbergung_13_1280x-768x1024.jpg\" alt=\"\" class=\"wp-image-5921\"\/><\/a><\/figure>\n<\/figure>\n","protected":false},"excerpt":{"rendered":"<p>Am Sonntag dem 01.03.2026 wurde die Feuerwehr Vorau um 03:16 Uhr mit Stillem Alarm zu einer Fahrzeugbergung nach einem Verkehrsunfall im Ortsteil Vorau gerufen. &#8222;PKW gegen Baum&#8220; lautete die Alarmabfrage. Nach wenigen Minuten r\u00fcckten das RLFA und der LKWA zum Einsatz aus. Ein PKW-Lenker war aus ungekl\u00e4rter Ursache in einer Kurve von der Fahrbahn abgekommen [&hellip;]<\/p>\n","protected":false},"author":1,"featured_media":5910,"comment_status":"open","ping_status":"open","sticky":false,"template":"","format":"standard","meta":{"_et_pb_use_builder":"off","_et_pb_old_content":"<!-- wp:paragraph -->\n<p>Am Sonntag dem 01.03.2026 wurde die Feuerwehr Vorau um 03:16 Uhr mit Stillem Alarm zu einer Fahrzeugbergung nach einem Verkehrsunfall im Ortsteil Vorau gerufen. \"PKW gegen Baum\" lautete die Alarmabfrage. Nach wenigen Minuten r\u00fcckten das RLFA und der LKWA zum Einsatz aus.<\/p>\n<!-- \/wp:paragraph -->\n\n<!-- wp:paragraph -->\n<p>Ein PKW-Lenker war aus ungekl\u00e4rter Ursache in einer Kurve von der Fahrbahn abgekommen und gegen einen Baum geprallt. Der Mann hatte sich selbst aus dem Fahrzeug befreien k\u00f6nnen und war augenscheinlich unverletzt geblieben. Beim Eintreffen der Feuerwehr war die Polizei vor Ort.<\/p>\n<!-- \/wp:paragraph -->\n\n<!-- wp:paragraph -->\n<p>Nach dem Ausleuchten und Absichern der Einsatzstelle wurde der Unfallwagen mittels Wagenheber und Rangierroller geborgen und f\u00fcr den Abtransport durch ein Abschleppunternehmen vorbereitet. In weiterer Folge unterst\u00fctzten die Feuerwehrkameraden beim Abtransport zur KFZ-Werkstatt.<\/p>\n<!-- \/wp:paragraph -->\n\n<!-- wp:paragraph -->\n<p>Nach ca. 2 Stunden war der Einsatz beendet und Mannschaft und Ger\u00e4t zur\u00fcck im R\u00fcsthaus einsatzbereit.<\/p>\n<!-- \/wp:paragraph -->\n\n<!-- wp:gallery {\"linkTo\":\"media\"} -->\n<figure class=\"wp-block-gallery has-nested-images columns-default is-cropped\"><!-- wp:image {\"id\":5909,\"sizeSlug\":\"large\",\"linkDestination\":\"none\"} -->\n<figure class=\"wp-block-image size-large\"><img src=\"https:\/\/feuerwehr-vorau.at\/site\/wp-content\/uploads\/2026\/03\/fahrzeugbergung_01_1280x-768x1024.jpg\" alt=\"\" class=\"wp-image-5909\"\/><\/figure>\n<!-- \/wp:image -->\n\n<!-- wp:image {\"id\":5911,\"sizeSlug\":\"large\",\"linkDestination\":\"none\"} -->\n<figure class=\"wp-block-image size-large\"><img src=\"https:\/\/feuerwehr-vorau.at\/site\/wp-content\/uploads\/2026\/03\/fahrzeugbergung_02_1280x-768x1024.jpg\" alt=\"\" class=\"wp-image-5911\"\/><\/figure>\n<!-- \/wp:image -->\n\n<!-- wp:image {\"id\":5910,\"sizeSlug\":\"large\",\"linkDestination\":\"none\"} -->\n<figure class=\"wp-block-image size-large\"><img src=\"https:\/\/feuerwehr-vorau.at\/site\/wp-content\/uploads\/2026\/03\/fahrzeugbergung_03_1280x-768x1024.jpg\" alt=\"\" class=\"wp-image-5910\"\/><\/figure>\n<!-- \/wp:image -->\n\n<!-- wp:image {\"id\":5914,\"sizeSlug\":\"large\",\"linkDestination\":\"none\"} -->\n<figure class=\"wp-block-image size-large\"><img src=\"https:\/\/feuerwehr-vorau.at\/site\/wp-content\/uploads\/2026\/03\/fahrzeugbergung_04_1280x-768x1024.jpg\" alt=\"\" class=\"wp-image-5914\"\/><\/figure>\n<!-- \/wp:image -->\n\n<!-- wp:image {\"id\":5912,\"sizeSlug\":\"large\",\"linkDestination\":\"none\"} -->\n<figure class=\"wp-block-image size-large\"><img src=\"https:\/\/feuerwehr-vorau.at\/site\/wp-content\/uploads\/2026\/03\/fahrzeugbergung_05_1280x-768x1024.jpg\" alt=\"\" class=\"wp-image-5912\"\/><\/figure>\n<!-- \/wp:image -->\n\n<!-- wp:image {\"id\":5913,\"sizeSlug\":\"large\",\"linkDestination\":\"none\"} -->\n<figure class=\"wp-block-image size-large\"><img src=\"https:\/\/feuerwehr-vorau.at\/site\/wp-content\/uploads\/2026\/03\/fahrzeugbergung_06_1280x-768x1024.jpg\" alt=\"\" class=\"wp-image-5913\"\/><\/figure>\n<!-- \/wp:image -->\n\n<!-- wp:image {\"id\":5920,\"sizeSlug\":\"large\",\"linkDestination\":\"none\"} -->\n<figure class=\"wp-block-image size-large\"><img src=\"https:\/\/feuerwehr-vorau.at\/site\/wp-content\/uploads\/2026\/03\/fahrzeugbergung_07_1280x-768x1024.jpg\" alt=\"\" class=\"wp-image-5920\"\/><\/figure>\n<!-- \/wp:image -->\n\n<!-- wp:image {\"id\":5918,\"sizeSlug\":\"large\",\"linkDestination\":\"none\"} -->\n<figure class=\"wp-block-image size-large\"><img src=\"https:\/\/feuerwehr-vorau.at\/site\/wp-content\/uploads\/2026\/03\/fahrzeugbergung_08_1280x-1024x768.jpg\" alt=\"\" class=\"wp-image-5918\"\/><\/figure>\n<!-- \/wp:image -->\n\n<!-- wp:image {\"id\":5919,\"sizeSlug\":\"large\",\"linkDestination\":\"none\"} -->\n<figure class=\"wp-block-image size-large\"><img src=\"https:\/\/feuerwehr-vorau.at\/site\/wp-content\/uploads\/2026\/03\/fahrzeugbergung_09_1280x-768x1024.jpg\" alt=\"\" class=\"wp-image-5919\"\/><\/figure>\n<!-- \/wp:image -->\n\n<!-- wp:image {\"id\":5917,\"sizeSlug\":\"large\",\"linkDestination\":\"none\"} -->\n<figure class=\"wp-block-image size-large\"><img src=\"https:\/\/feuerwehr-vorau.at\/site\/wp-content\/uploads\/2026\/03\/fahrzeugbergung_10_1280x-768x1024.jpg\" alt=\"\" class=\"wp-image-5917\"\/><\/figure>\n<!-- \/wp:image -->\n\n<!-- wp:image {\"id\":5915,\"sizeSlug\":\"large\",\"linkDestination\":\"none\"} -->\n<figure class=\"wp-block-image size-large\"><img src=\"https:\/\/feuerwehr-vorau.at\/site\/wp-content\/uploads\/2026\/03\/fahrzeugbergung_11_1280x-768x1024.jpg\" alt=\"\" class=\"wp-image-5915\"\/><\/figure>\n<!-- \/wp:image -->\n\n<!-- wp:image {\"id\":5916,\"sizeSlug\":\"large\",\"linkDestination\":\"none\"} -->\n<figure class=\"wp-block-image size-large\"><img src=\"https:\/\/feuerwehr-vorau.at\/site\/wp-content\/uploads\/2026\/03\/fahrzeugbergung_12_1280x-768x1024.jpg\" alt=\"\" class=\"wp-image-5916\"\/><\/figure>\n<!-- \/wp:image -->\n\n<!-- wp:image {\"id\":5921,\"sizeSlug\":\"large\",\"linkDestination\":\"none\"} -->\n<figure class=\"wp-block-image size-large\"><img src=\"https:\/\/feuerwehr-vorau.at\/site\/wp-content\/uploads\/2026\/03\/fahrzeugbergung_13_1280x-768x1024.jpg\" alt=\"\" class=\"wp-image-5921\"\/><\/figure>\n<!-- \/wp:image --><\/figure>\n<!-- \/wp:gallery -->","_et_gb_content_width":"","inline_featured_image":false,"_vp_format_video_url":"","_vp_image_focal_point":[],"footnotes":""},"categories":[24],"tags":[],"class_list":["post-5908","post","type-post","status-publish","format-standard","has-post-thumbnail","hentry","category-einsaetze"],"_links":{"self":[{"href":"https:\/\/feuerwehr-vorau.at\/site\/wp-json\/wp\/v2\/posts\/5908","targetHints":{"allow":["GET"]}}],"collection":[{"href":"https:\/\/feuerwehr-vorau.at\/site\/wp-json\/wp\/v2\/posts"}],"about":[{"href":"https:\/\/feuerwehr-vorau.at\/site\/wp-json\/wp\/v2\/types\/post"}],"author":[{"embeddable":true,"href":"https:\/\/feuerwehr-vorau.at\/site\/wp-json\/wp\/v2\/users\/1"}],"replies":[{"embeddable":true,"href":"https:\/\/feuerwehr-vorau.at\/site\/wp-json\/wp\/v2\/comments?post=5908"}],"version-history":[{"count":2,"href":"https:\/\/feuerwehr-vorau.at\/site\/wp-json\/wp\/v2\/posts\/5908\/revisions"}],"predecessor-version":[{"id":5923,"href":"https:\/\/feuerwehr-vorau.at\/site\/wp-json\/wp\/v2\/posts\/5908\/revisions\/5923"}],"wp:featuredmedia":[{"embeddable":true,"href":"https:\/\/feuerwehr-vorau.at\/site\/wp-json\/wp\/v2\/media\/5910"}],"wp:attachment":[{"href":"https:\/\/feuerwehr-vorau.at\/site\/wp-json\/wp\/v2\/media?parent=5908"}],"wp:term":[{"taxonomy":"category","embeddable":true,"href":"https:\/\/feuerwehr-vorau.at\/site\/wp-json\/wp\/v2\/categories?post=5908"},{"taxonomy":"post_tag","embeddable":true,"href":"https:\/\/feuerwehr-vorau.at\/site\/wp-json\/wp\/v2\/tags?post=5908"}],"curies":[{"name":"wp","href":"https:\/\/api.w.org\/{rel}","templated":true}]}}