{"id":5895,"date":"2026-03-01T13:07:10","date_gmt":"2026-03-01T12:07:10","guid":{"rendered":"https:\/\/feuerwehr-vorau.at\/site\/?p=5895"},"modified":"2026-03-01T13:08:33","modified_gmt":"2026-03-01T12:08:33","slug":"tag-der-feuerwehr-im-stift-vorau-2","status":"publish","type":"post","link":"https:\/\/feuerwehr-vorau.at\/site\/tag-der-feuerwehr-im-stift-vorau-2\/","title":{"rendered":"Tag der Feuerwehr im Stift Vorau"},"content":{"rendered":"\n<p>Am Samstag dem 21.02.2026 , traditionell am ersten Samstag in der Fastenzeit, fand wieder unser &#8222;Tag der Feuerwehr&#8220; im Stift Vorau statt.<br>Das Thema war dieses Mal der Klimawandel und die Auswirkungen auf die Steirischen Feuerwehren.<\/p>\n\n\n\n<p>Unser Kommandant HBI G\u00fcnter Holzer durfte zu dem Vortrag zahlreiche Ehreng\u00e4ste, darunter den stellvertretenden Bereichsfeuerwehrkommandanten BR Johann Hierzer, unseren ABI Markus Allmer B\u00fcrgermeister Andreas Geier und weitere Vorstandsmitglieder der Marktgemeinde Vorau, sowie zahlreiche Kameraden der FF Vorau und von unseren Nachbarfeuerwehren begr\u00fc\u00dfen.<\/p>\n\n\n\n<p>Die Referentin Mag.a. Marlies Kriegler, Regionalleiterin Steiermark der GeoSphere Austria, hielt einen spannenden Vortrag \u00fcber die Gr\u00fcnde und Auswirkungen des Klimawandels und \u00fcber die zu erwartenden Auswirkungen. Speziell f\u00fcr die Einsatzkr\u00e4fte ist dadurch mit verst\u00e4rkt auftretenden Gro\u00dfschadensereignissen zu rechnen.<\/p>\n\n\n\n<p>Im Anschluss an die Gru\u00dfworte der Ehreng\u00e4ste folgte eine besinnliche Andacht mit unserem Feuerwehrkuraten und Hausherren Probst Bernhard Mayrhofer, zum Beginn der Fastenzeit.<\/p>\n\n\n\n<p>Den Abschluss fand der Nachmittag schlie\u00dflich beim GH Weghofer, beim gem\u00fctlichen gemeinsamen Abendessen.<\/p>\n\n\n\n<figure class=\"wp-block-gallery has-nested-images columns-default is-cropped wp-block-gallery-1 is-layout-flex wp-block-gallery-is-layout-flex\">\n<figure class=\"wp-block-image size-large\"><a href=\"https:\/\/feuerwehr-vorau.at\/site\/wp-content\/uploads\/2026\/03\/tag_der_ff_01_1280x.jpg\"><img fetchpriority=\"high\" fetchpriority=\"high\" decoding=\"async\" width=\"1024\" height=\"771\" data-id=\"5899\" src=\"https:\/\/feuerwehr-vorau.at\/site\/wp-content\/uploads\/2026\/03\/tag_der_ff_01_1280x-1024x771.jpg\" alt=\"\" class=\"wp-image-5899\" srcset=\"https:\/\/feuerwehr-vorau.at\/site\/wp-content\/uploads\/2026\/03\/tag_der_ff_01_1280x-1024x771.jpg 1024w, https:\/\/feuerwehr-vorau.at\/site\/wp-content\/uploads\/2026\/03\/tag_der_ff_01_1280x-980x738.jpg 980w, https:\/\/feuerwehr-vorau.at\/site\/wp-content\/uploads\/2026\/03\/tag_der_ff_01_1280x-480x362.jpg 480w\" sizes=\"(min-width: 0px) and (max-width: 480px) 480px, (min-width: 481px) and (max-width: 980px) 980px, (min-width: 981px) 1024px, 100vw\" \/><\/a><\/figure>\n\n\n\n<figure class=\"wp-block-image size-large\"><a href=\"https:\/\/feuerwehr-vorau.at\/site\/wp-content\/uploads\/2026\/03\/tag_der_ff_02_1280x.jpg\"><img decoding=\"async\" width=\"1024\" height=\"771\" data-id=\"5902\" src=\"https:\/\/feuerwehr-vorau.at\/site\/wp-content\/uploads\/2026\/03\/tag_der_ff_02_1280x-1024x771.jpg\" alt=\"\" class=\"wp-image-5902\" srcset=\"https:\/\/feuerwehr-vorau.at\/site\/wp-content\/uploads\/2026\/03\/tag_der_ff_02_1280x-1024x771.jpg 1024w, https:\/\/feuerwehr-vorau.at\/site\/wp-content\/uploads\/2026\/03\/tag_der_ff_02_1280x-980x738.jpg 980w, https:\/\/feuerwehr-vorau.at\/site\/wp-content\/uploads\/2026\/03\/tag_der_ff_02_1280x-480x362.jpg 480w\" sizes=\"(min-width: 0px) and (max-width: 480px) 480px, (min-width: 481px) and (max-width: 980px) 980px, (min-width: 981px) 1024px, 100vw\" \/><\/a><\/figure>\n\n\n\n<figure class=\"wp-block-image size-large\"><a href=\"https:\/\/feuerwehr-vorau.at\/site\/wp-content\/uploads\/2026\/03\/tag_der_ff_03_1280x.jpg\"><img decoding=\"async\" width=\"1024\" height=\"771\" data-id=\"5900\" src=\"https:\/\/feuerwehr-vorau.at\/site\/wp-content\/uploads\/2026\/03\/tag_der_ff_03_1280x-1024x771.jpg\" alt=\"\" class=\"wp-image-5900\" srcset=\"https:\/\/feuerwehr-vorau.at\/site\/wp-content\/uploads\/2026\/03\/tag_der_ff_03_1280x-1024x771.jpg 1024w, https:\/\/feuerwehr-vorau.at\/site\/wp-content\/uploads\/2026\/03\/tag_der_ff_03_1280x-980x738.jpg 980w, https:\/\/feuerwehr-vorau.at\/site\/wp-content\/uploads\/2026\/03\/tag_der_ff_03_1280x-480x362.jpg 480w\" sizes=\"(min-width: 0px) and (max-width: 480px) 480px, (min-width: 481px) and (max-width: 980px) 980px, (min-width: 981px) 1024px, 100vw\" \/><\/a><\/figure>\n\n\n\n<figure class=\"wp-block-image size-large\"><a href=\"https:\/\/feuerwehr-vorau.at\/site\/wp-content\/uploads\/2026\/03\/tag_der_ff_04_1280x.jpg\"><img loading=\"lazy\" loading=\"lazy\" decoding=\"async\" width=\"1024\" height=\"771\" data-id=\"5901\" src=\"https:\/\/feuerwehr-vorau.at\/site\/wp-content\/uploads\/2026\/03\/tag_der_ff_04_1280x-1024x771.jpg\" alt=\"\" class=\"wp-image-5901\" srcset=\"https:\/\/feuerwehr-vorau.at\/site\/wp-content\/uploads\/2026\/03\/tag_der_ff_04_1280x-1024x771.jpg 1024w, https:\/\/feuerwehr-vorau.at\/site\/wp-content\/uploads\/2026\/03\/tag_der_ff_04_1280x-980x738.jpg 980w, https:\/\/feuerwehr-vorau.at\/site\/wp-content\/uploads\/2026\/03\/tag_der_ff_04_1280x-480x362.jpg 480w\" sizes=\"(min-width: 0px) and (max-width: 480px) 480px, (min-width: 481px) and (max-width: 980px) 980px, (min-width: 981px) 1024px, 100vw\" \/><\/a><\/figure>\n\n\n\n<figure class=\"wp-block-image size-large\"><a href=\"https:\/\/feuerwehr-vorau.at\/site\/wp-content\/uploads\/2026\/03\/tag_der_ff_05_1280x.jpg\"><img loading=\"lazy\" loading=\"lazy\" decoding=\"async\" width=\"1024\" height=\"771\" data-id=\"5898\" src=\"https:\/\/feuerwehr-vorau.at\/site\/wp-content\/uploads\/2026\/03\/tag_der_ff_05_1280x-1024x771.jpg\" alt=\"\" class=\"wp-image-5898\" srcset=\"https:\/\/feuerwehr-vorau.at\/site\/wp-content\/uploads\/2026\/03\/tag_der_ff_05_1280x-1024x771.jpg 1024w, https:\/\/feuerwehr-vorau.at\/site\/wp-content\/uploads\/2026\/03\/tag_der_ff_05_1280x-980x738.jpg 980w, https:\/\/feuerwehr-vorau.at\/site\/wp-content\/uploads\/2026\/03\/tag_der_ff_05_1280x-480x362.jpg 480w\" sizes=\"(min-width: 0px) and (max-width: 480px) 480px, (min-width: 481px) and (max-width: 980px) 980px, (min-width: 981px) 1024px, 100vw\" \/><\/a><\/figure>\n\n\n\n<figure class=\"wp-block-image size-large\"><a href=\"https:\/\/feuerwehr-vorau.at\/site\/wp-content\/uploads\/2026\/03\/tag_der_ff_06_1280x.jpg\"><img loading=\"lazy\" loading=\"lazy\" decoding=\"async\" width=\"1024\" height=\"771\" data-id=\"5903\" src=\"https:\/\/feuerwehr-vorau.at\/site\/wp-content\/uploads\/2026\/03\/tag_der_ff_06_1280x-1024x771.jpg\" alt=\"\" class=\"wp-image-5903\" srcset=\"https:\/\/feuerwehr-vorau.at\/site\/wp-content\/uploads\/2026\/03\/tag_der_ff_06_1280x-1024x771.jpg 1024w, https:\/\/feuerwehr-vorau.at\/site\/wp-content\/uploads\/2026\/03\/tag_der_ff_06_1280x-980x738.jpg 980w, https:\/\/feuerwehr-vorau.at\/site\/wp-content\/uploads\/2026\/03\/tag_der_ff_06_1280x-480x362.jpg 480w\" sizes=\"(min-width: 0px) and (max-width: 480px) 480px, (min-width: 481px) and (max-width: 980px) 980px, (min-width: 981px) 1024px, 100vw\" \/><\/a><\/figure>\n\n\n\n<figure class=\"wp-block-image size-large\"><a href=\"https:\/\/feuerwehr-vorau.at\/site\/wp-content\/uploads\/2026\/03\/tag_der_ff_07_1280x.jpg\"><img loading=\"lazy\" loading=\"lazy\" decoding=\"async\" width=\"1024\" height=\"771\" data-id=\"5904\" src=\"https:\/\/feuerwehr-vorau.at\/site\/wp-content\/uploads\/2026\/03\/tag_der_ff_07_1280x-1024x771.jpg\" alt=\"\" class=\"wp-image-5904\" srcset=\"https:\/\/feuerwehr-vorau.at\/site\/wp-content\/uploads\/2026\/03\/tag_der_ff_07_1280x-1024x771.jpg 1024w, https:\/\/feuerwehr-vorau.at\/site\/wp-content\/uploads\/2026\/03\/tag_der_ff_07_1280x-980x738.jpg 980w, https:\/\/feuerwehr-vorau.at\/site\/wp-content\/uploads\/2026\/03\/tag_der_ff_07_1280x-480x362.jpg 480w\" sizes=\"(min-width: 0px) and (max-width: 480px) 480px, (min-width: 481px) and (max-width: 980px) 980px, (min-width: 981px) 1024px, 100vw\" \/><\/a><\/figure>\n\n\n\n<figure class=\"wp-block-image size-large\"><a href=\"https:\/\/feuerwehr-vorau.at\/site\/wp-content\/uploads\/2026\/03\/tag_der_ff_08_1280x.jpg\"><img loading=\"lazy\" loading=\"lazy\" decoding=\"async\" width=\"1024\" height=\"771\" data-id=\"5896\" src=\"https:\/\/feuerwehr-vorau.at\/site\/wp-content\/uploads\/2026\/03\/tag_der_ff_08_1280x-1024x771.jpg\" alt=\"\" class=\"wp-image-5896\" srcset=\"https:\/\/feuerwehr-vorau.at\/site\/wp-content\/uploads\/2026\/03\/tag_der_ff_08_1280x-1024x771.jpg 1024w, https:\/\/feuerwehr-vorau.at\/site\/wp-content\/uploads\/2026\/03\/tag_der_ff_08_1280x-980x738.jpg 980w, https:\/\/feuerwehr-vorau.at\/site\/wp-content\/uploads\/2026\/03\/tag_der_ff_08_1280x-480x362.jpg 480w\" sizes=\"(min-width: 0px) and (max-width: 480px) 480px, (min-width: 481px) and (max-width: 980px) 980px, (min-width: 981px) 1024px, 100vw\" \/><\/a><\/figure>\n\n\n\n<figure class=\"wp-block-image size-large\"><a href=\"https:\/\/feuerwehr-vorau.at\/site\/wp-content\/uploads\/2026\/03\/tag_der_ff_09_1280x.jpg\"><img loading=\"lazy\" loading=\"lazy\" decoding=\"async\" width=\"1024\" height=\"771\" data-id=\"5897\" src=\"https:\/\/feuerwehr-vorau.at\/site\/wp-content\/uploads\/2026\/03\/tag_der_ff_09_1280x-1024x771.jpg\" alt=\"\" class=\"wp-image-5897\" srcset=\"https:\/\/feuerwehr-vorau.at\/site\/wp-content\/uploads\/2026\/03\/tag_der_ff_09_1280x-1024x771.jpg 1024w, https:\/\/feuerwehr-vorau.at\/site\/wp-content\/uploads\/2026\/03\/tag_der_ff_09_1280x-980x738.jpg 980w, https:\/\/feuerwehr-vorau.at\/site\/wp-content\/uploads\/2026\/03\/tag_der_ff_09_1280x-480x362.jpg 480w\" sizes=\"(min-width: 0px) and (max-width: 480px) 480px, (min-width: 481px) and (max-width: 980px) 980px, (min-width: 981px) 1024px, 100vw\" \/><\/a><\/figure>\n<\/figure>\n","protected":false},"excerpt":{"rendered":"<p>Am Samstag dem 21.02.2026 , traditionell am ersten Samstag in der Fastenzeit, fand wieder unser &#8222;Tag der Feuerwehr&#8220; im Stift Vorau statt.Das Thema war dieses Mal der Klimawandel und die Auswirkungen auf die Steirischen Feuerwehren. Unser Kommandant HBI G\u00fcnter Holzer durfte zu dem Vortrag zahlreiche Ehreng\u00e4ste, darunter den stellvertretenden Bereichsfeuerwehrkommandanten BR Johann Hierzer, unseren ABI [&hellip;]<\/p>\n","protected":false},"author":1,"featured_media":5902,"comment_status":"open","ping_status":"open","sticky":false,"template":"","format":"standard","meta":{"_et_pb_use_builder":"off","_et_pb_old_content":"","_et_gb_content_width":"","inline_featured_image":false,"_vp_format_video_url":"","_vp_image_focal_point":[],"footnotes":""},"categories":[26],"tags":[],"class_list":["post-5895","post","type-post","status-publish","format-standard","has-post-thumbnail","hentry","category-sonstiges"],"_links":{"self":[{"href":"https:\/\/feuerwehr-vorau.at\/site\/wp-json\/wp\/v2\/posts\/5895","targetHints":{"allow":["GET"]}}],"collection":[{"href":"https:\/\/feuerwehr-vorau.at\/site\/wp-json\/wp\/v2\/posts"}],"about":[{"href":"https:\/\/feuerwehr-vorau.at\/site\/wp-json\/wp\/v2\/types\/post"}],"author":[{"embeddable":true,"href":"https:\/\/feuerwehr-vorau.at\/site\/wp-json\/wp\/v2\/users\/1"}],"replies":[{"embeddable":true,"href":"https:\/\/feuerwehr-vorau.at\/site\/wp-json\/wp\/v2\/comments?post=5895"}],"version-history":[{"count":2,"href":"https:\/\/feuerwehr-vorau.at\/site\/wp-json\/wp\/v2\/posts\/5895\/revisions"}],"predecessor-version":[{"id":5907,"href":"https:\/\/feuerwehr-vorau.at\/site\/wp-json\/wp\/v2\/posts\/5895\/revisions\/5907"}],"wp:featuredmedia":[{"embeddable":true,"href":"https:\/\/feuerwehr-vorau.at\/site\/wp-json\/wp\/v2\/media\/5902"}],"wp:attachment":[{"href":"https:\/\/feuerwehr-vorau.at\/site\/wp-json\/wp\/v2\/media?parent=5895"}],"wp:term":[{"taxonomy":"category","embeddable":true,"href":"https:\/\/feuerwehr-vorau.at\/site\/wp-json\/wp\/v2\/categories?post=5895"},{"taxonomy":"post_tag","embeddable":true,"href":"https:\/\/feuerwehr-vorau.at\/site\/wp-json\/wp\/v2\/tags?post=5895"}],"curies":[{"name":"wp","href":"https:\/\/api.w.org\/{rel}","templated":true}]}}