{"id":5861,"date":"2026-02-21T11:48:11","date_gmt":"2026-02-21T10:48:11","guid":{"rendered":"https:\/\/feuerwehr-vorau.at\/site\/?p=5861"},"modified":"2026-02-21T11:48:12","modified_gmt":"2026-02-21T10:48:12","slug":"fahrzeugbergung-nach-wintereinbruch","status":"publish","type":"post","link":"https:\/\/feuerwehr-vorau.at\/site\/fahrzeugbergung-nach-wintereinbruch\/","title":{"rendered":"Fahrzeugbergung nach Wintereinbruch"},"content":{"rendered":"\n<p>Am Freitag, dem 20.02.2026 kam es zu einem Wintereinbruch mit schweren Schneef\u00e4llen, von dem auch die Oststeiermark und unser Gemeindegebiet nicht verschont geblieben war. Die Feuerwehr Vorau wurde um 06:09 Uhr mit Stillem Alarm zum ersten Einsatz alarmiert.<\/p>\n\n\n\n<p>Eine Lenkerin war mit ihrem Fahrzeug auf der L405 in Schachen, in der N\u00e4he der &#8222;Binderh\u00f6he&#8220;, h\u00e4ngen geblieben. Die Feuerwehr Vorau r\u00fcckte nach wenigen Minuten mit dem RLFA und dem LKWA mit 13 Kameradinnen\/Kameraden zum Einsatz aus.<\/p>\n\n\n\n<p>Das h\u00e4ngen gebliebene Fahrzeug konnte rasch mittels Vorspann unseres RLFA flott gemacht und \u00fcber die Steigung gezogen werden.<br>Nach ca. 30 Minuten war der Einsatz beendet, es sollten dann \u00fcber 20 weitere Eins\u00e4tze im Lauf des Vormittags bzw. bis in die Abendstunden folgen.<\/p>\n\n\n\n<figure class=\"wp-block-gallery has-nested-images columns-default is-cropped wp-block-gallery-1 is-layout-flex wp-block-gallery-is-layout-flex\">\n<figure class=\"wp-block-image size-large\"><a href=\"https:\/\/feuerwehr-vorau.at\/site\/wp-content\/uploads\/2026\/02\/fahrzeugbergung_01_1280x.jpg\"><img fetchpriority=\"high\" fetchpriority=\"high\" decoding=\"async\" width=\"1024\" height=\"768\" data-id=\"5862\" src=\"https:\/\/feuerwehr-vorau.at\/site\/wp-content\/uploads\/2026\/02\/fahrzeugbergung_01_1280x-1024x768.jpg\" alt=\"\" class=\"wp-image-5862\" srcset=\"https:\/\/feuerwehr-vorau.at\/site\/wp-content\/uploads\/2026\/02\/fahrzeugbergung_01_1280x-1024x768.jpg 1024w, https:\/\/feuerwehr-vorau.at\/site\/wp-content\/uploads\/2026\/02\/fahrzeugbergung_01_1280x-980x735.jpg 980w, https:\/\/feuerwehr-vorau.at\/site\/wp-content\/uploads\/2026\/02\/fahrzeugbergung_01_1280x-480x360.jpg 480w\" sizes=\"(min-width: 0px) and (max-width: 480px) 480px, (min-width: 481px) and (max-width: 980px) 980px, (min-width: 981px) 1024px, 100vw\" \/><\/a><\/figure>\n\n\n\n<figure class=\"wp-block-image size-large\"><a href=\"https:\/\/feuerwehr-vorau.at\/site\/wp-content\/uploads\/2026\/02\/fahrzeugbergung_02_1280x.jpg\"><img decoding=\"async\" width=\"1024\" height=\"768\" data-id=\"5864\" src=\"https:\/\/feuerwehr-vorau.at\/site\/wp-content\/uploads\/2026\/02\/fahrzeugbergung_02_1280x-1024x768.jpg\" alt=\"\" class=\"wp-image-5864\" srcset=\"https:\/\/feuerwehr-vorau.at\/site\/wp-content\/uploads\/2026\/02\/fahrzeugbergung_02_1280x-1024x768.jpg 1024w, https:\/\/feuerwehr-vorau.at\/site\/wp-content\/uploads\/2026\/02\/fahrzeugbergung_02_1280x-980x735.jpg 980w, https:\/\/feuerwehr-vorau.at\/site\/wp-content\/uploads\/2026\/02\/fahrzeugbergung_02_1280x-480x360.jpg 480w\" sizes=\"(min-width: 0px) and (max-width: 480px) 480px, (min-width: 481px) and (max-width: 980px) 980px, (min-width: 981px) 1024px, 100vw\" \/><\/a><\/figure>\n\n\n\n<figure class=\"wp-block-image size-large\"><a href=\"https:\/\/feuerwehr-vorau.at\/site\/wp-content\/uploads\/2026\/02\/fahrzeugbergung_03_1280x.jpg\"><img decoding=\"async\" width=\"1024\" height=\"768\" data-id=\"5863\" src=\"https:\/\/feuerwehr-vorau.at\/site\/wp-content\/uploads\/2026\/02\/fahrzeugbergung_03_1280x-1024x768.jpg\" alt=\"\" class=\"wp-image-5863\" srcset=\"https:\/\/feuerwehr-vorau.at\/site\/wp-content\/uploads\/2026\/02\/fahrzeugbergung_03_1280x-1024x768.jpg 1024w, https:\/\/feuerwehr-vorau.at\/site\/wp-content\/uploads\/2026\/02\/fahrzeugbergung_03_1280x-980x735.jpg 980w, https:\/\/feuerwehr-vorau.at\/site\/wp-content\/uploads\/2026\/02\/fahrzeugbergung_03_1280x-480x360.jpg 480w\" sizes=\"(min-width: 0px) and (max-width: 480px) 480px, (min-width: 481px) and (max-width: 980px) 980px, (min-width: 981px) 1024px, 100vw\" \/><\/a><\/figure>\n\n\n\n<figure class=\"wp-block-image size-large\"><a href=\"https:\/\/feuerwehr-vorau.at\/site\/wp-content\/uploads\/2026\/02\/fahrzeugbergung_04_1280x.jpg\"><img loading=\"lazy\" loading=\"lazy\" decoding=\"async\" width=\"1024\" height=\"768\" data-id=\"5865\" src=\"https:\/\/feuerwehr-vorau.at\/site\/wp-content\/uploads\/2026\/02\/fahrzeugbergung_04_1280x-1024x768.jpg\" alt=\"\" class=\"wp-image-5865\" srcset=\"https:\/\/feuerwehr-vorau.at\/site\/wp-content\/uploads\/2026\/02\/fahrzeugbergung_04_1280x-1024x768.jpg 1024w, https:\/\/feuerwehr-vorau.at\/site\/wp-content\/uploads\/2026\/02\/fahrzeugbergung_04_1280x-980x735.jpg 980w, https:\/\/feuerwehr-vorau.at\/site\/wp-content\/uploads\/2026\/02\/fahrzeugbergung_04_1280x-480x360.jpg 480w\" sizes=\"(min-width: 0px) and (max-width: 480px) 480px, (min-width: 481px) and (max-width: 980px) 980px, (min-width: 981px) 1024px, 100vw\" \/><\/a><\/figure>\n\n\n\n<figure class=\"wp-block-image size-large\"><a href=\"https:\/\/feuerwehr-vorau.at\/site\/wp-content\/uploads\/2026\/02\/fahrzeugbergung_05_1280x.jpg\"><img loading=\"lazy\" loading=\"lazy\" decoding=\"async\" width=\"1024\" height=\"768\" data-id=\"5866\" src=\"https:\/\/feuerwehr-vorau.at\/site\/wp-content\/uploads\/2026\/02\/fahrzeugbergung_05_1280x-1024x768.jpg\" alt=\"\" class=\"wp-image-5866\" srcset=\"https:\/\/feuerwehr-vorau.at\/site\/wp-content\/uploads\/2026\/02\/fahrzeugbergung_05_1280x-1024x768.jpg 1024w, https:\/\/feuerwehr-vorau.at\/site\/wp-content\/uploads\/2026\/02\/fahrzeugbergung_05_1280x-980x735.jpg 980w, https:\/\/feuerwehr-vorau.at\/site\/wp-content\/uploads\/2026\/02\/fahrzeugbergung_05_1280x-480x360.jpg 480w\" sizes=\"(min-width: 0px) and (max-width: 480px) 480px, (min-width: 481px) and (max-width: 980px) 980px, (min-width: 981px) 1024px, 100vw\" \/><\/a><\/figure>\n<\/figure>\n","protected":false},"excerpt":{"rendered":"<p>Am Freitag, dem 20.02.2026 kam es zu einem Wintereinbruch mit schweren Schneef\u00e4llen, von dem auch die Oststeiermark und unser Gemeindegebiet nicht verschont geblieben war. Die Feuerwehr Vorau wurde um 06:09 Uhr mit Stillem Alarm zum ersten Einsatz alarmiert. Eine Lenkerin war mit ihrem Fahrzeug auf der L405 in Schachen, in der N\u00e4he der &#8222;Binderh\u00f6he&#8220;, h\u00e4ngen [&hellip;]<\/p>\n","protected":false},"author":1,"featured_media":5864,"comment_status":"open","ping_status":"open","sticky":false,"template":"","format":"standard","meta":{"_et_pb_use_builder":"off","_et_pb_old_content":"","_et_gb_content_width":"","inline_featured_image":false,"_vp_format_video_url":"","_vp_image_focal_point":[],"footnotes":""},"categories":[24],"tags":[],"class_list":["post-5861","post","type-post","status-publish","format-standard","has-post-thumbnail","hentry","category-einsaetze"],"_links":{"self":[{"href":"https:\/\/feuerwehr-vorau.at\/site\/wp-json\/wp\/v2\/posts\/5861","targetHints":{"allow":["GET"]}}],"collection":[{"href":"https:\/\/feuerwehr-vorau.at\/site\/wp-json\/wp\/v2\/posts"}],"about":[{"href":"https:\/\/feuerwehr-vorau.at\/site\/wp-json\/wp\/v2\/types\/post"}],"author":[{"embeddable":true,"href":"https:\/\/feuerwehr-vorau.at\/site\/wp-json\/wp\/v2\/users\/1"}],"replies":[{"embeddable":true,"href":"https:\/\/feuerwehr-vorau.at\/site\/wp-json\/wp\/v2\/comments?post=5861"}],"version-history":[{"count":1,"href":"https:\/\/feuerwehr-vorau.at\/site\/wp-json\/wp\/v2\/posts\/5861\/revisions"}],"predecessor-version":[{"id":5867,"href":"https:\/\/feuerwehr-vorau.at\/site\/wp-json\/wp\/v2\/posts\/5861\/revisions\/5867"}],"wp:featuredmedia":[{"embeddable":true,"href":"https:\/\/feuerwehr-vorau.at\/site\/wp-json\/wp\/v2\/media\/5864"}],"wp:attachment":[{"href":"https:\/\/feuerwehr-vorau.at\/site\/wp-json\/wp\/v2\/media?parent=5861"}],"wp:term":[{"taxonomy":"category","embeddable":true,"href":"https:\/\/feuerwehr-vorau.at\/site\/wp-json\/wp\/v2\/categories?post=5861"},{"taxonomy":"post_tag","embeddable":true,"href":"https:\/\/feuerwehr-vorau.at\/site\/wp-json\/wp\/v2\/tags?post=5861"}],"curies":[{"name":"wp","href":"https:\/\/api.w.org\/{rel}","templated":true}]}}