{"id":5836,"date":"2026-02-09T19:54:22","date_gmt":"2026-02-09T18:54:22","guid":{"rendered":"https:\/\/feuerwehr-vorau.at\/site\/?p=5836"},"modified":"2026-02-09T19:54:24","modified_gmt":"2026-02-09T18:54:24","slug":"workshop-fuer-atemschutzgeraetetraeger","status":"publish","type":"post","link":"https:\/\/feuerwehr-vorau.at\/site\/workshop-fuer-atemschutzgeraetetraeger\/","title":{"rendered":"Workshop f\u00fcr Atemschutzger\u00e4tetr\u00e4ger"},"content":{"rendered":"\n<p>Am Samstag, dem 07.02.2026 fand bei uns ein Workshop f\u00fcr Atemschutzger\u00e4tetr\u00e4ger\u00a0statt, bei dem der moderne, effiziente und vor allem sichere Einsatz bei Zimmer- und Geb\u00e4udebr\u00e4nden im Mittelpunkt stand. Ziel der \u00dcbung war es, bew\u00e4hrte Standards zu festigen und gleichzeitig Neuerungen in Taktik und Ausr\u00fcstung praxisnah zu be\u00fcben.<\/p>\n\n\n\n<p>Ein wesentlicher Schwerpunkt lag auf dem strukturierten Ausr\u00fcsten des Atemschutztrupps und der klaren Aufgabenverteilung innerhalb des Trupps (Truppf\u00fchrer, Truppmann Nr. 1 und Nr. 2). Besonderes Augenmerk wurde dabei auf die Rolle des Truppf\u00fchrers als Bindeglied zum Gruppenkommandanten gelegt. Die laufende Kommunikation nach au\u00dfen, das R\u00fcckmelden von relevanten Lageinformationen sowie die interne Koordination im Trupp wurden gezielt trainiert, da sie f\u00fcr einen sicheren und erfolgreichen Innenangriff entscheidend sind.<\/p>\n\n\n\n<p>Im praktischen Teil wurde die Vornahme einer C-Leitung f\u00fcr den Standardinnenangriff intensiv ge\u00fcbt. Als Neuerung kam erstmals das Schlauchpaket zum Einsatz, das ein deutlich verbessertes Schlauchmanagement, ein schnelleres Vorgehen im Geb\u00e4ude und eine Reduktion des &#8222;Schlauchsalates&#8220; erm\u00f6glicht. Weitere \u00dcbungsschwerpunkte waren die T\u00fcr\u00f6ffnung und der kontrollierte Zugang zum Brandraum, der Einsatz von Rauchvorhang und W\u00e4rmebildkamera sowie die richtige Handhabung moderner Strahlrohre zur effektiven Brandbek\u00e4mpfung bei gleichzeitiger Eigen- und Truppsicherheit.<\/p>\n\n\n\n<p>Durch die realit\u00e4tsnahe \u00dcbung konnten Abl\u00e4ufe, Kommunikation und Zusammenarbeit sowohl im Trupp als auch mit den F\u00fchrungskr\u00e4ften weiter verbessert und gefestigt werden. Ein gro\u00dfer Dank gilt allen Atemschutzger\u00e4tetr\u00e4gern, die erneut ihre Freizeit investiert haben, um im Einsatzfall der Bev\u00f6lkerung von Vorau noch professioneller, schneller und sicherer helfen zu k\u00f6nnen.<\/p>\n\n\n\n<p>Ein herzliches Danke an dieser Stelle an die beiden Organisatoren ABI Hannes Kern und LM d. F. Philipp Neussl sowie nat\u00fcrlich allen Absolvent:innen.<\/p>\n\n\n\n<figure class=\"wp-block-gallery has-nested-images columns-default is-cropped wp-block-gallery-1 is-layout-flex wp-block-gallery-is-layout-flex\">\n<figure class=\"wp-block-image size-large\"><a href=\"https:\/\/feuerwehr-vorau.at\/site\/wp-content\/uploads\/2026\/02\/WhatsApp-Image-2026-02-07-at-11.37.00.jpeg\"><img fetchpriority=\"high\" fetchpriority=\"high\" decoding=\"async\" width=\"1024\" height=\"768\" data-id=\"5847\" src=\"https:\/\/feuerwehr-vorau.at\/site\/wp-content\/uploads\/2026\/02\/WhatsApp-Image-2026-02-07-at-11.37.00-1024x768.jpeg\" alt=\"\" class=\"wp-image-5847\" srcset=\"https:\/\/feuerwehr-vorau.at\/site\/wp-content\/uploads\/2026\/02\/WhatsApp-Image-2026-02-07-at-11.37.00-980x735.jpeg 980w, https:\/\/feuerwehr-vorau.at\/site\/wp-content\/uploads\/2026\/02\/WhatsApp-Image-2026-02-07-at-11.37.00-480x360.jpeg 480w\" sizes=\"(min-width: 0px) and (max-width: 480px) 480px, (min-width: 481px) and (max-width: 980px) 980px, (min-width: 981px) 1024px, 100vw\" \/><\/a><\/figure>\n\n\n\n<figure class=\"wp-block-image size-large\"><a href=\"https:\/\/feuerwehr-vorau.at\/site\/wp-content\/uploads\/2026\/02\/WhatsApp-Image-2026-02-07-at-11.37.01-1.jpeg\"><img decoding=\"async\" width=\"1024\" height=\"768\" data-id=\"5842\" src=\"https:\/\/feuerwehr-vorau.at\/site\/wp-content\/uploads\/2026\/02\/WhatsApp-Image-2026-02-07-at-11.37.01-1-1024x768.jpeg\" alt=\"\" class=\"wp-image-5842\" srcset=\"https:\/\/feuerwehr-vorau.at\/site\/wp-content\/uploads\/2026\/02\/WhatsApp-Image-2026-02-07-at-11.37.01-1-980x735.jpeg 980w, https:\/\/feuerwehr-vorau.at\/site\/wp-content\/uploads\/2026\/02\/WhatsApp-Image-2026-02-07-at-11.37.01-1-480x360.jpeg 480w\" sizes=\"(min-width: 0px) and (max-width: 480px) 480px, (min-width: 481px) and (max-width: 980px) 980px, (min-width: 981px) 1024px, 100vw\" \/><\/a><\/figure>\n\n\n\n<figure class=\"wp-block-image size-large\"><a href=\"https:\/\/feuerwehr-vorau.at\/site\/wp-content\/uploads\/2026\/02\/WhatsApp-Image-2026-02-07-at-11.37.01.jpeg\"><img decoding=\"async\" width=\"1024\" height=\"768\" data-id=\"5846\" src=\"https:\/\/feuerwehr-vorau.at\/site\/wp-content\/uploads\/2026\/02\/WhatsApp-Image-2026-02-07-at-11.37.01-1024x768.jpeg\" alt=\"\" class=\"wp-image-5846\" srcset=\"https:\/\/feuerwehr-vorau.at\/site\/wp-content\/uploads\/2026\/02\/WhatsApp-Image-2026-02-07-at-11.37.01-980x735.jpeg 980w, https:\/\/feuerwehr-vorau.at\/site\/wp-content\/uploads\/2026\/02\/WhatsApp-Image-2026-02-07-at-11.37.01-480x360.jpeg 480w\" sizes=\"(min-width: 0px) and (max-width: 480px) 480px, (min-width: 481px) and (max-width: 980px) 980px, (min-width: 981px) 1024px, 100vw\" \/><\/a><\/figure>\n\n\n\n<figure class=\"wp-block-image size-large\"><a href=\"https:\/\/feuerwehr-vorau.at\/site\/wp-content\/uploads\/2026\/02\/WhatsApp-Image-2026-02-07-at-11.37.02-1.jpeg\"><img loading=\"lazy\" loading=\"lazy\" decoding=\"async\" width=\"1024\" height=\"768\" data-id=\"5839\" src=\"https:\/\/feuerwehr-vorau.at\/site\/wp-content\/uploads\/2026\/02\/WhatsApp-Image-2026-02-07-at-11.37.02-1-1024x768.jpeg\" alt=\"\" class=\"wp-image-5839\" srcset=\"https:\/\/feuerwehr-vorau.at\/site\/wp-content\/uploads\/2026\/02\/WhatsApp-Image-2026-02-07-at-11.37.02-1-980x735.jpeg 980w, https:\/\/feuerwehr-vorau.at\/site\/wp-content\/uploads\/2026\/02\/WhatsApp-Image-2026-02-07-at-11.37.02-1-480x360.jpeg 480w\" sizes=\"(min-width: 0px) and (max-width: 480px) 480px, (min-width: 481px) and (max-width: 980px) 980px, (min-width: 981px) 1024px, 100vw\" \/><\/a><\/figure>\n\n\n\n<figure class=\"wp-block-image size-large\"><a href=\"https:\/\/feuerwehr-vorau.at\/site\/wp-content\/uploads\/2026\/02\/WhatsApp-Image-2026-02-07-at-11.37.03.jpeg\"><img loading=\"lazy\" loading=\"lazy\" decoding=\"async\" width=\"768\" height=\"1024\" data-id=\"5841\" src=\"https:\/\/feuerwehr-vorau.at\/site\/wp-content\/uploads\/2026\/02\/WhatsApp-Image-2026-02-07-at-11.37.03-768x1024.jpeg\" alt=\"\" class=\"wp-image-5841\"\/><\/a><\/figure>\n\n\n\n<figure class=\"wp-block-image size-large\"><a href=\"https:\/\/feuerwehr-vorau.at\/site\/wp-content\/uploads\/2026\/02\/WhatsApp-Image-2026-02-07-at-11.37.04.jpeg\"><img loading=\"lazy\" loading=\"lazy\" decoding=\"async\" width=\"1024\" height=\"768\" data-id=\"5840\" src=\"https:\/\/feuerwehr-vorau.at\/site\/wp-content\/uploads\/2026\/02\/WhatsApp-Image-2026-02-07-at-11.37.04-1024x768.jpeg\" alt=\"\" class=\"wp-image-5840\" srcset=\"https:\/\/feuerwehr-vorau.at\/site\/wp-content\/uploads\/2026\/02\/WhatsApp-Image-2026-02-07-at-11.37.04-980x735.jpeg 980w, https:\/\/feuerwehr-vorau.at\/site\/wp-content\/uploads\/2026\/02\/WhatsApp-Image-2026-02-07-at-11.37.04-480x360.jpeg 480w\" sizes=\"(min-width: 0px) and (max-width: 480px) 480px, (min-width: 481px) and (max-width: 980px) 980px, (min-width: 981px) 1024px, 100vw\" \/><\/a><\/figure>\n\n\n\n<figure class=\"wp-block-image size-large\"><a href=\"https:\/\/feuerwehr-vorau.at\/site\/wp-content\/uploads\/2026\/02\/WhatsApp-Image-2026-02-07-at-11.42.29-1.jpeg\"><img loading=\"lazy\" loading=\"lazy\" decoding=\"async\" width=\"1024\" height=\"768\" data-id=\"5844\" src=\"https:\/\/feuerwehr-vorau.at\/site\/wp-content\/uploads\/2026\/02\/WhatsApp-Image-2026-02-07-at-11.42.29-1-1024x768.jpeg\" alt=\"\" class=\"wp-image-5844\" srcset=\"https:\/\/feuerwehr-vorau.at\/site\/wp-content\/uploads\/2026\/02\/WhatsApp-Image-2026-02-07-at-11.42.29-1-980x735.jpeg 980w, https:\/\/feuerwehr-vorau.at\/site\/wp-content\/uploads\/2026\/02\/WhatsApp-Image-2026-02-07-at-11.42.29-1-480x360.jpeg 480w\" sizes=\"(min-width: 0px) and (max-width: 480px) 480px, (min-width: 481px) and (max-width: 980px) 980px, (min-width: 981px) 1024px, 100vw\" \/><\/a><\/figure>\n\n\n\n<figure class=\"wp-block-image size-large\"><a href=\"https:\/\/feuerwehr-vorau.at\/site\/wp-content\/uploads\/2026\/02\/WhatsApp-Image-2026-02-07-at-11.42.29-2.jpeg\"><img loading=\"lazy\" loading=\"lazy\" decoding=\"async\" width=\"1024\" height=\"768\" data-id=\"5848\" src=\"https:\/\/feuerwehr-vorau.at\/site\/wp-content\/uploads\/2026\/02\/WhatsApp-Image-2026-02-07-at-11.42.29-2-1024x768.jpeg\" alt=\"\" class=\"wp-image-5848\" srcset=\"https:\/\/feuerwehr-vorau.at\/site\/wp-content\/uploads\/2026\/02\/WhatsApp-Image-2026-02-07-at-11.42.29-2-980x735.jpeg 980w, https:\/\/feuerwehr-vorau.at\/site\/wp-content\/uploads\/2026\/02\/WhatsApp-Image-2026-02-07-at-11.42.29-2-480x360.jpeg 480w\" sizes=\"(min-width: 0px) and (max-width: 480px) 480px, (min-width: 481px) and (max-width: 980px) 980px, (min-width: 981px) 1024px, 100vw\" \/><\/a><\/figure>\n\n\n\n<figure class=\"wp-block-image size-large\"><a href=\"https:\/\/feuerwehr-vorau.at\/site\/wp-content\/uploads\/2026\/02\/WhatsApp-Image-2026-02-07-at-11.42.29-3.jpeg\"><img loading=\"lazy\" loading=\"lazy\" decoding=\"async\" width=\"1024\" height=\"768\" data-id=\"5845\" src=\"https:\/\/feuerwehr-vorau.at\/site\/wp-content\/uploads\/2026\/02\/WhatsApp-Image-2026-02-07-at-11.42.29-3-1024x768.jpeg\" alt=\"\" class=\"wp-image-5845\" srcset=\"https:\/\/feuerwehr-vorau.at\/site\/wp-content\/uploads\/2026\/02\/WhatsApp-Image-2026-02-07-at-11.42.29-3-980x735.jpeg 980w, https:\/\/feuerwehr-vorau.at\/site\/wp-content\/uploads\/2026\/02\/WhatsApp-Image-2026-02-07-at-11.42.29-3-480x360.jpeg 480w\" sizes=\"(min-width: 0px) and (max-width: 480px) 480px, (min-width: 481px) and (max-width: 980px) 980px, (min-width: 981px) 1024px, 100vw\" \/><\/a><\/figure>\n\n\n\n<figure class=\"wp-block-image size-large\"><a href=\"https:\/\/feuerwehr-vorau.at\/site\/wp-content\/uploads\/2026\/02\/WhatsApp-Image-2026-02-07-at-11.42.29.jpeg\"><img loading=\"lazy\" loading=\"lazy\" decoding=\"async\" width=\"1024\" height=\"768\" data-id=\"5838\" src=\"https:\/\/feuerwehr-vorau.at\/site\/wp-content\/uploads\/2026\/02\/WhatsApp-Image-2026-02-07-at-11.42.29-1024x768.jpeg\" alt=\"\" class=\"wp-image-5838\" srcset=\"https:\/\/feuerwehr-vorau.at\/site\/wp-content\/uploads\/2026\/02\/WhatsApp-Image-2026-02-07-at-11.42.29-980x735.jpeg 980w, https:\/\/feuerwehr-vorau.at\/site\/wp-content\/uploads\/2026\/02\/WhatsApp-Image-2026-02-07-at-11.42.29-480x360.jpeg 480w\" sizes=\"(min-width: 0px) and (max-width: 480px) 480px, (min-width: 481px) and (max-width: 980px) 980px, (min-width: 981px) 1024px, 100vw\" \/><\/a><\/figure>\n\n\n\n<figure class=\"wp-block-image size-large\"><a href=\"https:\/\/feuerwehr-vorau.at\/site\/wp-content\/uploads\/2026\/02\/WhatsApp-Image-2026-02-07-at-22.23.05.jpeg\"><img loading=\"lazy\" loading=\"lazy\" decoding=\"async\" width=\"768\" height=\"1024\" data-id=\"5843\" src=\"https:\/\/feuerwehr-vorau.at\/site\/wp-content\/uploads\/2026\/02\/WhatsApp-Image-2026-02-07-at-22.23.05-768x1024.jpeg\" alt=\"\" class=\"wp-image-5843\"\/><\/a><\/figure>\n<\/figure>\n","protected":false},"excerpt":{"rendered":"<p>Am Samstag, dem 07.02.2026 fand bei uns ein Workshop f\u00fcr Atemschutzger\u00e4tetr\u00e4ger\u00a0statt, bei dem der moderne, effiziente und vor allem sichere Einsatz bei Zimmer- und Geb\u00e4udebr\u00e4nden im Mittelpunkt stand. Ziel der \u00dcbung war es, bew\u00e4hrte Standards zu festigen und gleichzeitig Neuerungen in Taktik und Ausr\u00fcstung praxisnah zu be\u00fcben. Ein wesentlicher Schwerpunkt lag auf dem strukturierten Ausr\u00fcsten [&hellip;]<\/p>\n","protected":false},"author":3,"featured_media":5837,"comment_status":"open","ping_status":"open","sticky":false,"template":"","format":"standard","meta":{"_et_pb_use_builder":"off","_et_pb_old_content":"","_et_gb_content_width":"","inline_featured_image":false,"_vp_format_video_url":"","_vp_image_focal_point":[],"footnotes":""},"categories":[25],"tags":[],"class_list":["post-5836","post","type-post","status-publish","format-standard","has-post-thumbnail","hentry","category-uebungen"],"_links":{"self":[{"href":"https:\/\/feuerwehr-vorau.at\/site\/wp-json\/wp\/v2\/posts\/5836","targetHints":{"allow":["GET"]}}],"collection":[{"href":"https:\/\/feuerwehr-vorau.at\/site\/wp-json\/wp\/v2\/posts"}],"about":[{"href":"https:\/\/feuerwehr-vorau.at\/site\/wp-json\/wp\/v2\/types\/post"}],"author":[{"embeddable":true,"href":"https:\/\/feuerwehr-vorau.at\/site\/wp-json\/wp\/v2\/users\/3"}],"replies":[{"embeddable":true,"href":"https:\/\/feuerwehr-vorau.at\/site\/wp-json\/wp\/v2\/comments?post=5836"}],"version-history":[{"count":1,"href":"https:\/\/feuerwehr-vorau.at\/site\/wp-json\/wp\/v2\/posts\/5836\/revisions"}],"predecessor-version":[{"id":5849,"href":"https:\/\/feuerwehr-vorau.at\/site\/wp-json\/wp\/v2\/posts\/5836\/revisions\/5849"}],"wp:featuredmedia":[{"embeddable":true,"href":"https:\/\/feuerwehr-vorau.at\/site\/wp-json\/wp\/v2\/media\/5837"}],"wp:attachment":[{"href":"https:\/\/feuerwehr-vorau.at\/site\/wp-json\/wp\/v2\/media?parent=5836"}],"wp:term":[{"taxonomy":"category","embeddable":true,"href":"https:\/\/feuerwehr-vorau.at\/site\/wp-json\/wp\/v2\/categories?post=5836"},{"taxonomy":"post_tag","embeddable":true,"href":"https:\/\/feuerwehr-vorau.at\/site\/wp-json\/wp\/v2\/tags?post=5836"}],"curies":[{"name":"wp","href":"https:\/\/api.w.org\/{rel}","templated":true}]}}