{"id":5706,"date":"2026-01-07T06:48:36","date_gmt":"2026-01-07T05:48:36","guid":{"rendered":"https:\/\/feuerwehr-vorau.at\/site\/?p=5706"},"modified":"2026-01-07T06:48:38","modified_gmt":"2026-01-07T05:48:38","slug":"fahrzeugbergung-in-puchegg-4","status":"publish","type":"post","link":"https:\/\/feuerwehr-vorau.at\/site\/fahrzeugbergung-in-puchegg-4\/","title":{"rendered":"Fahrzeugbergung in Puchegg"},"content":{"rendered":"\n<p>Am Mittwoch, dem 07.01.2026 wurden wir um 04:30Uhr mit stillem Alarm zu einer Fahrzeugbergung nach Puchegg alarmiert. Nach wenigen Minuten r\u00fcckten wir zur ca. 5km entfernten Einsatzstelle aus.<\/p>\n\n\n\n<p>Bei winterlichen Fahrverh\u00e4ltnissen ist ein PKW von der Stra\u00dfe abgekommen und in einen Graben h\u00e4ngen geblieben. Der Lenker blieb dabei augenscheinlich unverletzt.<\/p>\n\n\n\n<p>Unsere T\u00e4tigkeiten an der Einsatzstelle:<\/p>\n\n\n\n<ul class=\"wp-block-list\">\n<li>Ausleuchten und absichern der Einsatzstelle<\/li>\n\n\n\n<li>Bergung des Unfallfahrzeuges mittels Seilwinde des RLFA<\/li>\n<\/ul>\n\n\n\n<p>Eingesetzt waren:<\/p>\n\n\n\n<ul class=\"wp-block-list\">\n<li>FF Vorau mit RLFA und LKWA sowie 13 KameradInnen<\/li>\n<\/ul>\n\n\n\n<p>Nach ca. 45min konnten wir wieder ins R\u00fcsthaus einr\u00fccken und die Einsatzbereitschaft wiederherstellen.&nbsp;<\/p>\n\n\n\n<figure class=\"wp-block-gallery has-nested-images columns-default is-cropped wp-block-gallery-1 is-layout-flex wp-block-gallery-is-layout-flex\">\n<figure class=\"wp-block-image size-large\"><a href=\"https:\/\/feuerwehr-vorau.at\/site\/wp-content\/uploads\/2026\/01\/WhatsApp-Image-2026-01-07-at-06.37.27-1.jpeg\"><img fetchpriority=\"high\" fetchpriority=\"high\" decoding=\"async\" width=\"768\" height=\"1024\" data-id=\"5710\" src=\"https:\/\/feuerwehr-vorau.at\/site\/wp-content\/uploads\/2026\/01\/WhatsApp-Image-2026-01-07-at-06.37.27-1-768x1024.jpeg\" alt=\"\" class=\"wp-image-5710\"\/><\/a><\/figure>\n\n\n\n<figure class=\"wp-block-image size-large\"><a href=\"https:\/\/feuerwehr-vorau.at\/site\/wp-content\/uploads\/2026\/01\/WhatsApp-Image-2026-01-07-at-06.37.27-2.jpeg\"><img decoding=\"async\" width=\"768\" height=\"1024\" data-id=\"5711\" src=\"https:\/\/feuerwehr-vorau.at\/site\/wp-content\/uploads\/2026\/01\/WhatsApp-Image-2026-01-07-at-06.37.27-2-768x1024.jpeg\" alt=\"\" class=\"wp-image-5711\"\/><\/a><\/figure>\n\n\n\n<figure class=\"wp-block-image size-large\"><a href=\"https:\/\/feuerwehr-vorau.at\/site\/wp-content\/uploads\/2026\/01\/WhatsApp-Image-2026-01-07-at-06.37.27-3.jpeg\"><img decoding=\"async\" width=\"1024\" height=\"576\" data-id=\"5709\" src=\"https:\/\/feuerwehr-vorau.at\/site\/wp-content\/uploads\/2026\/01\/WhatsApp-Image-2026-01-07-at-06.37.27-3-1024x576.jpeg\" alt=\"\" class=\"wp-image-5709\" srcset=\"https:\/\/feuerwehr-vorau.at\/site\/wp-content\/uploads\/2026\/01\/WhatsApp-Image-2026-01-07-at-06.37.27-3-980x551.jpeg 980w, https:\/\/feuerwehr-vorau.at\/site\/wp-content\/uploads\/2026\/01\/WhatsApp-Image-2026-01-07-at-06.37.27-3-480x270.jpeg 480w\" sizes=\"(min-width: 0px) and (max-width: 480px) 480px, (min-width: 481px) and (max-width: 980px) 980px, (min-width: 981px) 1024px, 100vw\" \/><\/a><\/figure>\n\n\n\n<figure class=\"wp-block-image size-large\"><a href=\"https:\/\/feuerwehr-vorau.at\/site\/wp-content\/uploads\/2026\/01\/WhatsApp-Image-2026-01-07-at-06.37.27.jpeg\"><img loading=\"lazy\" loading=\"lazy\" decoding=\"async\" width=\"768\" height=\"1024\" data-id=\"5708\" src=\"https:\/\/feuerwehr-vorau.at\/site\/wp-content\/uploads\/2026\/01\/WhatsApp-Image-2026-01-07-at-06.37.27-768x1024.jpeg\" alt=\"\" class=\"wp-image-5708\"\/><\/a><\/figure>\n<\/figure>\n","protected":false},"excerpt":{"rendered":"<p>Am Mittwoch, dem 07.01.2026 wurden wir um 04:30Uhr mit stillem Alarm zu einer Fahrzeugbergung nach Puchegg alarmiert. Nach wenigen Minuten r\u00fcckten wir zur ca. 5km entfernten Einsatzstelle aus. Bei winterlichen Fahrverh\u00e4ltnissen ist ein PKW von der Stra\u00dfe abgekommen und in einen Graben h\u00e4ngen geblieben. Der Lenker blieb dabei augenscheinlich unverletzt. Unsere T\u00e4tigkeiten an der Einsatzstelle: [&hellip;]<\/p>\n","protected":false},"author":3,"featured_media":5707,"comment_status":"open","ping_status":"open","sticky":false,"template":"","format":"standard","meta":{"_et_pb_use_builder":"off","_et_pb_old_content":"","_et_gb_content_width":"","inline_featured_image":false,"_vp_format_video_url":"","_vp_image_focal_point":[],"footnotes":""},"categories":[24],"tags":[],"class_list":["post-5706","post","type-post","status-publish","format-standard","has-post-thumbnail","hentry","category-einsaetze"],"_links":{"self":[{"href":"https:\/\/feuerwehr-vorau.at\/site\/wp-json\/wp\/v2\/posts\/5706","targetHints":{"allow":["GET"]}}],"collection":[{"href":"https:\/\/feuerwehr-vorau.at\/site\/wp-json\/wp\/v2\/posts"}],"about":[{"href":"https:\/\/feuerwehr-vorau.at\/site\/wp-json\/wp\/v2\/types\/post"}],"author":[{"embeddable":true,"href":"https:\/\/feuerwehr-vorau.at\/site\/wp-json\/wp\/v2\/users\/3"}],"replies":[{"embeddable":true,"href":"https:\/\/feuerwehr-vorau.at\/site\/wp-json\/wp\/v2\/comments?post=5706"}],"version-history":[{"count":1,"href":"https:\/\/feuerwehr-vorau.at\/site\/wp-json\/wp\/v2\/posts\/5706\/revisions"}],"predecessor-version":[{"id":5712,"href":"https:\/\/feuerwehr-vorau.at\/site\/wp-json\/wp\/v2\/posts\/5706\/revisions\/5712"}],"wp:featuredmedia":[{"embeddable":true,"href":"https:\/\/feuerwehr-vorau.at\/site\/wp-json\/wp\/v2\/media\/5707"}],"wp:attachment":[{"href":"https:\/\/feuerwehr-vorau.at\/site\/wp-json\/wp\/v2\/media?parent=5706"}],"wp:term":[{"taxonomy":"category","embeddable":true,"href":"https:\/\/feuerwehr-vorau.at\/site\/wp-json\/wp\/v2\/categories?post=5706"},{"taxonomy":"post_tag","embeddable":true,"href":"https:\/\/feuerwehr-vorau.at\/site\/wp-json\/wp\/v2\/tags?post=5706"}],"curies":[{"name":"wp","href":"https:\/\/api.w.org\/{rel}","templated":true}]}}