{"id":5563,"date":"2025-11-29T16:40:05","date_gmt":"2025-11-29T15:40:05","guid":{"rendered":"https:\/\/feuerwehr-vorau.at\/site\/?p=5563"},"modified":"2025-11-29T16:40:07","modified_gmt":"2025-11-29T15:40:07","slug":"abschlussuebung-november","status":"publish","type":"post","link":"https:\/\/feuerwehr-vorau.at\/site\/abschlussuebung-november\/","title":{"rendered":"Abschluss\u00fcbung November"},"content":{"rendered":"\n<p>Am Samstag, dem 29.11.2025 fand unsere monatliche Zugs\u00fcbung statt welche zugleich auch unsere Abschluss\u00fcbung darstellt.<\/p>\n\n\n\n<p>Dabei \u00fcbten wir unsere Fertigkeiten im Zuge einer Entstehungsbrandbek\u00e4mpfungsschulung. Parallel wurde auch unser R\u00fcsthaus in den finalen Z\u00fcgen Winterfest gemacht, sodass wir bestens vorbereitet auf die kommende Schnee- und Eissaison blicken k\u00f6nnen. Erfreulicherweise durften wir auch zwei interessierte junge Burschen begr\u00fc\u00dfen, welche eine Schnupper\u00fcbung erleben konnten.<\/p>\n\n\n\n<p>Zu guter Letzt, fanden wir uns zu einer mittlerweile traditionellen herzhaften Abschlussjause ein und verbrachten gem\u00fctlich kameradschaftliche Stunden.<\/p>\n\n\n\n<figure class=\"wp-block-gallery has-nested-images columns-default is-cropped wp-block-gallery-1 is-layout-flex wp-block-gallery-is-layout-flex\">\n<figure class=\"wp-block-image size-large\"><a href=\"https:\/\/feuerwehr-vorau.at\/site\/wp-content\/uploads\/2025\/11\/01-1.jpeg\"><img fetchpriority=\"high\" fetchpriority=\"high\" decoding=\"async\" width=\"1024\" height=\"768\" data-id=\"5568\" src=\"https:\/\/feuerwehr-vorau.at\/site\/wp-content\/uploads\/2025\/11\/01-1-1024x768.jpeg\" alt=\"\" class=\"wp-image-5568\" srcset=\"https:\/\/feuerwehr-vorau.at\/site\/wp-content\/uploads\/2025\/11\/01-1-980x735.jpeg 980w, https:\/\/feuerwehr-vorau.at\/site\/wp-content\/uploads\/2025\/11\/01-1-480x360.jpeg 480w\" sizes=\"(min-width: 0px) and (max-width: 480px) 480px, (min-width: 481px) and (max-width: 980px) 980px, (min-width: 981px) 1024px, 100vw\" \/><\/a><\/figure>\n\n\n\n<figure class=\"wp-block-image size-large\"><a href=\"https:\/\/feuerwehr-vorau.at\/site\/wp-content\/uploads\/2025\/11\/02-1.jpeg\"><img decoding=\"async\" width=\"768\" height=\"1024\" data-id=\"5566\" src=\"https:\/\/feuerwehr-vorau.at\/site\/wp-content\/uploads\/2025\/11\/02-1-768x1024.jpeg\" alt=\"\" class=\"wp-image-5566\"\/><\/a><\/figure>\n\n\n\n<figure class=\"wp-block-image size-large\"><a href=\"https:\/\/feuerwehr-vorau.at\/site\/wp-content\/uploads\/2025\/11\/03-1.jpeg\"><img decoding=\"async\" width=\"768\" height=\"1024\" data-id=\"5570\" src=\"https:\/\/feuerwehr-vorau.at\/site\/wp-content\/uploads\/2025\/11\/03-1-768x1024.jpeg\" alt=\"\" class=\"wp-image-5570\"\/><\/a><\/figure>\n\n\n\n<figure class=\"wp-block-image size-large\"><a href=\"https:\/\/feuerwehr-vorau.at\/site\/wp-content\/uploads\/2025\/11\/04-1.jpeg\"><img loading=\"lazy\" loading=\"lazy\" decoding=\"async\" width=\"1024\" height=\"768\" data-id=\"5567\" src=\"https:\/\/feuerwehr-vorau.at\/site\/wp-content\/uploads\/2025\/11\/04-1-1024x768.jpeg\" alt=\"\" class=\"wp-image-5567\" srcset=\"https:\/\/feuerwehr-vorau.at\/site\/wp-content\/uploads\/2025\/11\/04-1-980x735.jpeg 980w, https:\/\/feuerwehr-vorau.at\/site\/wp-content\/uploads\/2025\/11\/04-1-480x360.jpeg 480w\" sizes=\"(min-width: 0px) and (max-width: 480px) 480px, (min-width: 481px) and (max-width: 980px) 980px, (min-width: 981px) 1024px, 100vw\" \/><\/a><\/figure>\n\n\n\n<figure class=\"wp-block-image size-large\"><a href=\"https:\/\/feuerwehr-vorau.at\/site\/wp-content\/uploads\/2025\/11\/05-1.jpeg\"><img loading=\"lazy\" loading=\"lazy\" decoding=\"async\" width=\"1024\" height=\"768\" data-id=\"5569\" src=\"https:\/\/feuerwehr-vorau.at\/site\/wp-content\/uploads\/2025\/11\/05-1-1024x768.jpeg\" alt=\"\" class=\"wp-image-5569\" srcset=\"https:\/\/feuerwehr-vorau.at\/site\/wp-content\/uploads\/2025\/11\/05-1-980x735.jpeg 980w, https:\/\/feuerwehr-vorau.at\/site\/wp-content\/uploads\/2025\/11\/05-1-480x360.jpeg 480w\" sizes=\"(min-width: 0px) and (max-width: 480px) 480px, (min-width: 481px) and (max-width: 980px) 980px, (min-width: 981px) 1024px, 100vw\" \/><\/a><\/figure>\n\n\n\n<figure class=\"wp-block-image size-large\"><a href=\"https:\/\/feuerwehr-vorau.at\/site\/wp-content\/uploads\/2025\/11\/06-1.jpeg\"><img loading=\"lazy\" loading=\"lazy\" decoding=\"async\" width=\"1024\" height=\"768\" data-id=\"5565\" src=\"https:\/\/feuerwehr-vorau.at\/site\/wp-content\/uploads\/2025\/11\/06-1-1024x768.jpeg\" alt=\"\" class=\"wp-image-5565\" srcset=\"https:\/\/feuerwehr-vorau.at\/site\/wp-content\/uploads\/2025\/11\/06-1-980x735.jpeg 980w, https:\/\/feuerwehr-vorau.at\/site\/wp-content\/uploads\/2025\/11\/06-1-480x360.jpeg 480w\" sizes=\"(min-width: 0px) and (max-width: 480px) 480px, (min-width: 481px) and (max-width: 980px) 980px, (min-width: 981px) 1024px, 100vw\" \/><\/a><\/figure>\n\n\n\n<figure class=\"wp-block-image size-large\"><a href=\"https:\/\/feuerwehr-vorau.at\/site\/wp-content\/uploads\/2025\/11\/07-1.jpeg\"><img loading=\"lazy\" loading=\"lazy\" decoding=\"async\" width=\"768\" height=\"1024\" data-id=\"5564\" src=\"https:\/\/feuerwehr-vorau.at\/site\/wp-content\/uploads\/2025\/11\/07-1-768x1024.jpeg\" alt=\"\" class=\"wp-image-5564\"\/><\/a><\/figure>\n<\/figure>\n","protected":false},"excerpt":{"rendered":"<p>Am Samstag, dem 29.11.2025 fand unsere monatliche Zugs\u00fcbung statt welche zugleich auch unsere Abschluss\u00fcbung darstellt. Dabei \u00fcbten wir unsere Fertigkeiten im Zuge einer Entstehungsbrandbek\u00e4mpfungsschulung. Parallel wurde auch unser R\u00fcsthaus in den finalen Z\u00fcgen Winterfest gemacht, sodass wir bestens vorbereitet auf die kommende Schnee- und Eissaison blicken k\u00f6nnen. Erfreulicherweise durften wir auch zwei interessierte junge Burschen [&hellip;]<\/p>\n","protected":false},"author":3,"featured_media":5571,"comment_status":"open","ping_status":"open","sticky":false,"template":"","format":"standard","meta":{"_et_pb_use_builder":"off","_et_pb_old_content":"","_et_gb_content_width":"","inline_featured_image":false,"_vp_format_video_url":"","_vp_image_focal_point":[],"footnotes":""},"categories":[25],"tags":[],"class_list":["post-5563","post","type-post","status-publish","format-standard","has-post-thumbnail","hentry","category-uebungen"],"_links":{"self":[{"href":"https:\/\/feuerwehr-vorau.at\/site\/wp-json\/wp\/v2\/posts\/5563","targetHints":{"allow":["GET"]}}],"collection":[{"href":"https:\/\/feuerwehr-vorau.at\/site\/wp-json\/wp\/v2\/posts"}],"about":[{"href":"https:\/\/feuerwehr-vorau.at\/site\/wp-json\/wp\/v2\/types\/post"}],"author":[{"embeddable":true,"href":"https:\/\/feuerwehr-vorau.at\/site\/wp-json\/wp\/v2\/users\/3"}],"replies":[{"embeddable":true,"href":"https:\/\/feuerwehr-vorau.at\/site\/wp-json\/wp\/v2\/comments?post=5563"}],"version-history":[{"count":1,"href":"https:\/\/feuerwehr-vorau.at\/site\/wp-json\/wp\/v2\/posts\/5563\/revisions"}],"predecessor-version":[{"id":5572,"href":"https:\/\/feuerwehr-vorau.at\/site\/wp-json\/wp\/v2\/posts\/5563\/revisions\/5572"}],"wp:featuredmedia":[{"embeddable":true,"href":"https:\/\/feuerwehr-vorau.at\/site\/wp-json\/wp\/v2\/media\/5571"}],"wp:attachment":[{"href":"https:\/\/feuerwehr-vorau.at\/site\/wp-json\/wp\/v2\/media?parent=5563"}],"wp:term":[{"taxonomy":"category","embeddable":true,"href":"https:\/\/feuerwehr-vorau.at\/site\/wp-json\/wp\/v2\/categories?post=5563"},{"taxonomy":"post_tag","embeddable":true,"href":"https:\/\/feuerwehr-vorau.at\/site\/wp-json\/wp\/v2\/tags?post=5563"}],"curies":[{"name":"wp","href":"https:\/\/api.w.org\/{rel}","templated":true}]}}