{"id":5505,"date":"2025-11-28T09:33:15","date_gmt":"2025-11-28T08:33:15","guid":{"rendered":"https:\/\/feuerwehr-vorau.at\/site\/?p=5505"},"modified":"2025-11-28T09:36:05","modified_gmt":"2025-11-28T08:36:05","slug":"garagenbrand-in-schachen","status":"publish","type":"post","link":"https:\/\/feuerwehr-vorau.at\/site\/garagenbrand-in-schachen\/","title":{"rendered":"Garagenbrand in Schachen"},"content":{"rendered":"\n<p>Am Donnerstag, dem 27.11.2025 wurde die Feuerwehr Vorau um 17:03 Uhr mit Sirenenalarm zum Brand eines PKW im Ortsteil Schachen alarmiert. &#8222;PKW brennt in Garage&#8220; lautete die Alarmmeldung. Nach wenigen Minuten r\u00fcckten wir mit allen Fahrzeugen zur ca. 7km entferten Einsatzstelle aus. Auf der Anfahrt wurde schwerer Atemschutz im HLF-4 aufgenommen. Zeitgleich war auch die Feuerwehr P\u00f6llau alarmiert worden und war auf Anfahrt.<\/p>\n\n\n\n<p>Beim Eintreffen am Einsatzort stand der Wagen in der Garage in Vollbrand. Rasch wurde vom Atemschutztrupp des HLF-4 ein L\u00f6schangriff mit C-Rohr vorgenommen, womit die Flammen rasch niedergeschlagen werden konnten. Die zeitgleich eintreffende Feuerwehr P\u00f6llau unterst\u00fctzte mit einem Atemschutz-Trupp. Nach dem kompletten Abl\u00f6schen des Fahrzeuges wurde zuerst der Rauch aus der Garage abgesaugt, in weiterer Folge das Garagentor entfernt und das Wrack mittels Traktor aus der Garage gezogen. Eine Person, welche sich noch im nicht verrauchten Dachgescho\u00df des Wohnhauses befand, wurde vom Atemschutz-Trupp der Feuerwehr P\u00f6llau ins Freie begleitet und zur Kontrolle dem Roten Kreuz \u00fcbergeben.<\/p>\n\n\n\n<p>Nach ca. 2h war der Einsatz beendet, im Einsatz standen:<\/p>\n\n\n\n<ul class=\"wp-block-list\">\n<li>Feuerwehr Vorau mit HLF-4, RLFA, LKW-A,  MTF-A und MZF-A mit 30 Mann<\/li>\n\n\n\n<li>Feuerwehr P\u00f6llau mit KDO, HLF-4, WLF, SF und LKWA mit 25 Mann<\/li>\n\n\n\n<li>Rettung und Polizei<\/li>\n<\/ul>\n\n\n\n<p>Danke an die Feuerwehr P\u00f6llau f\u00fcr die gute Zusammenarbeit, zum dritten Mal in den letzten 5 Tagen \ud83d\ude09<\/p>\n\n\n\n<figure class=\"wp-block-gallery has-nested-images columns-default is-cropped wp-block-gallery-1 is-layout-flex wp-block-gallery-is-layout-flex\">\n<figure class=\"wp-block-image size-large\"><a href=\"https:\/\/feuerwehr-vorau.at\/site\/wp-content\/uploads\/2025\/11\/garagenbrand_01_1280x.jpg\"><img fetchpriority=\"high\" fetchpriority=\"high\" decoding=\"async\" width=\"1024\" height=\"768\" data-id=\"5508\" src=\"https:\/\/feuerwehr-vorau.at\/site\/wp-content\/uploads\/2025\/11\/garagenbrand_01_1280x-1024x768.jpg\" alt=\"\" class=\"wp-image-5508\" srcset=\"https:\/\/feuerwehr-vorau.at\/site\/wp-content\/uploads\/2025\/11\/garagenbrand_01_1280x-1024x768.jpg 1024w, https:\/\/feuerwehr-vorau.at\/site\/wp-content\/uploads\/2025\/11\/garagenbrand_01_1280x-980x735.jpg 980w, https:\/\/feuerwehr-vorau.at\/site\/wp-content\/uploads\/2025\/11\/garagenbrand_01_1280x-480x360.jpg 480w\" sizes=\"(min-width: 0px) and (max-width: 480px) 480px, (min-width: 481px) and (max-width: 980px) 980px, (min-width: 981px) 1024px, 100vw\" \/><\/a><\/figure>\n\n\n\n<figure class=\"wp-block-image size-large\"><a href=\"https:\/\/feuerwehr-vorau.at\/site\/wp-content\/uploads\/2025\/11\/garagenbrand_02_1280x.jpg\"><img decoding=\"async\" width=\"1024\" height=\"768\" data-id=\"5509\" src=\"https:\/\/feuerwehr-vorau.at\/site\/wp-content\/uploads\/2025\/11\/garagenbrand_02_1280x-1024x768.jpg\" alt=\"\" class=\"wp-image-5509\" srcset=\"https:\/\/feuerwehr-vorau.at\/site\/wp-content\/uploads\/2025\/11\/garagenbrand_02_1280x-1024x768.jpg 1024w, https:\/\/feuerwehr-vorau.at\/site\/wp-content\/uploads\/2025\/11\/garagenbrand_02_1280x-980x735.jpg 980w, https:\/\/feuerwehr-vorau.at\/site\/wp-content\/uploads\/2025\/11\/garagenbrand_02_1280x-480x360.jpg 480w\" sizes=\"(min-width: 0px) and (max-width: 480px) 480px, (min-width: 481px) and (max-width: 980px) 980px, (min-width: 981px) 1024px, 100vw\" \/><\/a><\/figure>\n\n\n\n<figure class=\"wp-block-image size-large\"><a href=\"https:\/\/feuerwehr-vorau.at\/site\/wp-content\/uploads\/2025\/11\/garagenbrand_04_1280x.jpg\"><img decoding=\"async\" width=\"1024\" height=\"768\" data-id=\"5506\" src=\"https:\/\/feuerwehr-vorau.at\/site\/wp-content\/uploads\/2025\/11\/garagenbrand_04_1280x-1024x768.jpg\" alt=\"\" class=\"wp-image-5506\" srcset=\"https:\/\/feuerwehr-vorau.at\/site\/wp-content\/uploads\/2025\/11\/garagenbrand_04_1280x-1024x768.jpg 1024w, https:\/\/feuerwehr-vorau.at\/site\/wp-content\/uploads\/2025\/11\/garagenbrand_04_1280x-980x735.jpg 980w, https:\/\/feuerwehr-vorau.at\/site\/wp-content\/uploads\/2025\/11\/garagenbrand_04_1280x-480x360.jpg 480w\" sizes=\"(min-width: 0px) and (max-width: 480px) 480px, (min-width: 481px) and (max-width: 980px) 980px, (min-width: 981px) 1024px, 100vw\" \/><\/a><\/figure>\n\n\n\n<figure class=\"wp-block-image size-large\"><a href=\"https:\/\/feuerwehr-vorau.at\/site\/wp-content\/uploads\/2025\/11\/garagenbrand_03_1280x.jpg\"><img loading=\"lazy\" loading=\"lazy\" decoding=\"async\" width=\"1024\" height=\"768\" data-id=\"5507\" src=\"https:\/\/feuerwehr-vorau.at\/site\/wp-content\/uploads\/2025\/11\/garagenbrand_03_1280x-1024x768.jpg\" alt=\"\" class=\"wp-image-5507\" srcset=\"https:\/\/feuerwehr-vorau.at\/site\/wp-content\/uploads\/2025\/11\/garagenbrand_03_1280x-1024x768.jpg 1024w, https:\/\/feuerwehr-vorau.at\/site\/wp-content\/uploads\/2025\/11\/garagenbrand_03_1280x-980x735.jpg 980w, https:\/\/feuerwehr-vorau.at\/site\/wp-content\/uploads\/2025\/11\/garagenbrand_03_1280x-480x360.jpg 480w\" sizes=\"(min-width: 0px) and (max-width: 480px) 480px, (min-width: 481px) and (max-width: 980px) 980px, (min-width: 981px) 1024px, 100vw\" \/><\/a><\/figure>\n\n\n\n<figure class=\"wp-block-image size-large\"><a href=\"https:\/\/feuerwehr-vorau.at\/site\/wp-content\/uploads\/2025\/11\/garagenbrand_06_1280x.jpg\"><img loading=\"lazy\" loading=\"lazy\" decoding=\"async\" width=\"721\" height=\"960\" data-id=\"5511\" src=\"https:\/\/feuerwehr-vorau.at\/site\/wp-content\/uploads\/2025\/11\/garagenbrand_06_1280x.jpg\" alt=\"\" class=\"wp-image-5511\" srcset=\"https:\/\/feuerwehr-vorau.at\/site\/wp-content\/uploads\/2025\/11\/garagenbrand_06_1280x.jpg 721w, https:\/\/feuerwehr-vorau.at\/site\/wp-content\/uploads\/2025\/11\/garagenbrand_06_1280x-480x639.jpg 480w\" sizes=\"(min-width: 0px) and (max-width: 480px) 480px, (min-width: 481px) 721px, 100vw\" \/><\/a><\/figure>\n\n\n\n<figure class=\"wp-block-image size-large\"><a href=\"https:\/\/feuerwehr-vorau.at\/site\/wp-content\/uploads\/2025\/11\/garagenbrand_07_1280x.jpg\"><img loading=\"lazy\" loading=\"lazy\" decoding=\"async\" width=\"721\" height=\"960\" data-id=\"5519\" src=\"https:\/\/feuerwehr-vorau.at\/site\/wp-content\/uploads\/2025\/11\/garagenbrand_07_1280x.jpg\" alt=\"\" class=\"wp-image-5519\" srcset=\"https:\/\/feuerwehr-vorau.at\/site\/wp-content\/uploads\/2025\/11\/garagenbrand_07_1280x.jpg 721w, https:\/\/feuerwehr-vorau.at\/site\/wp-content\/uploads\/2025\/11\/garagenbrand_07_1280x-480x639.jpg 480w\" sizes=\"(min-width: 0px) and (max-width: 480px) 480px, (min-width: 481px) 721px, 100vw\" \/><\/a><\/figure>\n\n\n\n<figure class=\"wp-block-image size-large\"><a href=\"https:\/\/feuerwehr-vorau.at\/site\/wp-content\/uploads\/2025\/11\/garagenbrand_08_1280x.jpg\"><img loading=\"lazy\" loading=\"lazy\" decoding=\"async\" width=\"721\" height=\"960\" data-id=\"5517\" src=\"https:\/\/feuerwehr-vorau.at\/site\/wp-content\/uploads\/2025\/11\/garagenbrand_08_1280x.jpg\" alt=\"\" class=\"wp-image-5517\" srcset=\"https:\/\/feuerwehr-vorau.at\/site\/wp-content\/uploads\/2025\/11\/garagenbrand_08_1280x.jpg 721w, https:\/\/feuerwehr-vorau.at\/site\/wp-content\/uploads\/2025\/11\/garagenbrand_08_1280x-480x639.jpg 480w\" sizes=\"(min-width: 0px) and (max-width: 480px) 480px, (min-width: 481px) 721px, 100vw\" \/><\/a><\/figure>\n\n\n\n<figure class=\"wp-block-image size-large\"><a href=\"https:\/\/feuerwehr-vorau.at\/site\/wp-content\/uploads\/2025\/11\/garagenbrand_09_1280x.jpg\"><img loading=\"lazy\" loading=\"lazy\" decoding=\"async\" width=\"1024\" height=\"768\" data-id=\"5513\" src=\"https:\/\/feuerwehr-vorau.at\/site\/wp-content\/uploads\/2025\/11\/garagenbrand_09_1280x-1024x768.jpg\" alt=\"\" class=\"wp-image-5513\" srcset=\"https:\/\/feuerwehr-vorau.at\/site\/wp-content\/uploads\/2025\/11\/garagenbrand_09_1280x-1024x768.jpg 1024w, https:\/\/feuerwehr-vorau.at\/site\/wp-content\/uploads\/2025\/11\/garagenbrand_09_1280x-980x735.jpg 980w, https:\/\/feuerwehr-vorau.at\/site\/wp-content\/uploads\/2025\/11\/garagenbrand_09_1280x-480x360.jpg 480w\" sizes=\"(min-width: 0px) and (max-width: 480px) 480px, (min-width: 481px) and (max-width: 980px) 980px, (min-width: 981px) 1024px, 100vw\" \/><\/a><\/figure>\n\n\n\n<figure class=\"wp-block-image size-large\"><a href=\"https:\/\/feuerwehr-vorau.at\/site\/wp-content\/uploads\/2025\/11\/garagenbrand_10_1280x.jpg\"><img loading=\"lazy\" loading=\"lazy\" decoding=\"async\" width=\"721\" height=\"960\" data-id=\"5512\" src=\"https:\/\/feuerwehr-vorau.at\/site\/wp-content\/uploads\/2025\/11\/garagenbrand_10_1280x.jpg\" alt=\"\" class=\"wp-image-5512\" srcset=\"https:\/\/feuerwehr-vorau.at\/site\/wp-content\/uploads\/2025\/11\/garagenbrand_10_1280x.jpg 721w, https:\/\/feuerwehr-vorau.at\/site\/wp-content\/uploads\/2025\/11\/garagenbrand_10_1280x-480x639.jpg 480w\" sizes=\"(min-width: 0px) and (max-width: 480px) 480px, (min-width: 481px) 721px, 100vw\" \/><\/a><\/figure>\n\n\n\n<figure class=\"wp-block-image size-large\"><a href=\"https:\/\/feuerwehr-vorau.at\/site\/wp-content\/uploads\/2025\/11\/garagenbrand_11_1280x.jpg\"><img loading=\"lazy\" loading=\"lazy\" decoding=\"async\" width=\"1024\" height=\"768\" data-id=\"5520\" src=\"https:\/\/feuerwehr-vorau.at\/site\/wp-content\/uploads\/2025\/11\/garagenbrand_11_1280x-1024x768.jpg\" alt=\"\" class=\"wp-image-5520\" srcset=\"https:\/\/feuerwehr-vorau.at\/site\/wp-content\/uploads\/2025\/11\/garagenbrand_11_1280x-1024x768.jpg 1024w, https:\/\/feuerwehr-vorau.at\/site\/wp-content\/uploads\/2025\/11\/garagenbrand_11_1280x-980x735.jpg 980w, https:\/\/feuerwehr-vorau.at\/site\/wp-content\/uploads\/2025\/11\/garagenbrand_11_1280x-480x360.jpg 480w\" sizes=\"(min-width: 0px) and (max-width: 480px) 480px, (min-width: 481px) and (max-width: 980px) 980px, (min-width: 981px) 1024px, 100vw\" \/><\/a><\/figure>\n\n\n\n<figure class=\"wp-block-image size-large\"><a href=\"https:\/\/feuerwehr-vorau.at\/site\/wp-content\/uploads\/2025\/11\/garagenbrand_12_1280x.jpg\"><img loading=\"lazy\" loading=\"lazy\" decoding=\"async\" width=\"1024\" height=\"768\" data-id=\"5516\" src=\"https:\/\/feuerwehr-vorau.at\/site\/wp-content\/uploads\/2025\/11\/garagenbrand_12_1280x-1024x768.jpg\" alt=\"\" class=\"wp-image-5516\" srcset=\"https:\/\/feuerwehr-vorau.at\/site\/wp-content\/uploads\/2025\/11\/garagenbrand_12_1280x-1024x768.jpg 1024w, https:\/\/feuerwehr-vorau.at\/site\/wp-content\/uploads\/2025\/11\/garagenbrand_12_1280x-980x735.jpg 980w, https:\/\/feuerwehr-vorau.at\/site\/wp-content\/uploads\/2025\/11\/garagenbrand_12_1280x-480x360.jpg 480w\" sizes=\"(min-width: 0px) and (max-width: 480px) 480px, (min-width: 481px) and (max-width: 980px) 980px, (min-width: 981px) 1024px, 100vw\" \/><\/a><\/figure>\n\n\n\n<figure class=\"wp-block-image size-large\"><a href=\"https:\/\/feuerwehr-vorau.at\/site\/wp-content\/uploads\/2025\/11\/garagenbrand_14_1280x.jpg\"><img loading=\"lazy\" loading=\"lazy\" decoding=\"async\" width=\"1024\" height=\"768\" data-id=\"5521\" src=\"https:\/\/feuerwehr-vorau.at\/site\/wp-content\/uploads\/2025\/11\/garagenbrand_14_1280x-1024x768.jpg\" alt=\"\" class=\"wp-image-5521\" srcset=\"https:\/\/feuerwehr-vorau.at\/site\/wp-content\/uploads\/2025\/11\/garagenbrand_14_1280x-1024x768.jpg 1024w, https:\/\/feuerwehr-vorau.at\/site\/wp-content\/uploads\/2025\/11\/garagenbrand_14_1280x-980x735.jpg 980w, https:\/\/feuerwehr-vorau.at\/site\/wp-content\/uploads\/2025\/11\/garagenbrand_14_1280x-480x360.jpg 480w\" sizes=\"(min-width: 0px) and (max-width: 480px) 480px, (min-width: 481px) and (max-width: 980px) 980px, (min-width: 981px) 1024px, 100vw\" \/><\/a><\/figure>\n\n\n\n<figure class=\"wp-block-image size-large\"><a href=\"https:\/\/feuerwehr-vorau.at\/site\/wp-content\/uploads\/2025\/11\/garagenbrand_15_1280x.jpg\"><img loading=\"lazy\" loading=\"lazy\" decoding=\"async\" width=\"1024\" height=\"768\" data-id=\"5514\" src=\"https:\/\/feuerwehr-vorau.at\/site\/wp-content\/uploads\/2025\/11\/garagenbrand_15_1280x-1024x768.jpg\" alt=\"\" class=\"wp-image-5514\" srcset=\"https:\/\/feuerwehr-vorau.at\/site\/wp-content\/uploads\/2025\/11\/garagenbrand_15_1280x-1024x768.jpg 1024w, https:\/\/feuerwehr-vorau.at\/site\/wp-content\/uploads\/2025\/11\/garagenbrand_15_1280x-980x735.jpg 980w, https:\/\/feuerwehr-vorau.at\/site\/wp-content\/uploads\/2025\/11\/garagenbrand_15_1280x-480x360.jpg 480w\" sizes=\"(min-width: 0px) and (max-width: 480px) 480px, (min-width: 481px) and (max-width: 980px) 980px, (min-width: 981px) 1024px, 100vw\" \/><\/a><\/figure>\n\n\n\n<figure class=\"wp-block-image size-large\"><a href=\"https:\/\/feuerwehr-vorau.at\/site\/wp-content\/uploads\/2025\/11\/garagenbrand_16_1280x.jpg\"><img loading=\"lazy\" loading=\"lazy\" decoding=\"async\" width=\"721\" height=\"960\" data-id=\"5515\" src=\"https:\/\/feuerwehr-vorau.at\/site\/wp-content\/uploads\/2025\/11\/garagenbrand_16_1280x.jpg\" alt=\"\" class=\"wp-image-5515\" srcset=\"https:\/\/feuerwehr-vorau.at\/site\/wp-content\/uploads\/2025\/11\/garagenbrand_16_1280x.jpg 721w, https:\/\/feuerwehr-vorau.at\/site\/wp-content\/uploads\/2025\/11\/garagenbrand_16_1280x-480x639.jpg 480w\" sizes=\"(min-width: 0px) and (max-width: 480px) 480px, (min-width: 481px) 721px, 100vw\" \/><\/a><\/figure>\n<\/figure>\n","protected":false},"excerpt":{"rendered":"<p>Am Donnerstag, dem 27.11.2025 wurde die Feuerwehr Vorau um 17:03 Uhr mit Sirenenalarm zum Brand eines PKW im Ortsteil Schachen alarmiert. &#8222;PKW brennt in Garage&#8220; lautete die Alarmmeldung. Nach wenigen Minuten r\u00fcckten wir mit allen Fahrzeugen zur ca. 7km entferten Einsatzstelle aus. Auf der Anfahrt wurde schwerer Atemschutz im HLF-4 aufgenommen. Zeitgleich war auch die [&hellip;]<\/p>\n","protected":false},"author":1,"featured_media":5509,"comment_status":"open","ping_status":"open","sticky":false,"template":"","format":"standard","meta":{"_et_pb_use_builder":"off","_et_pb_old_content":"<!-- wp:paragraph -->\n<p>Am Donnerstag, dem 27.11.2025 wurde die Feuerwehr Vorau um 17:03 Uhr mit Sirenenalarm zum Brand eines PKW im Ortsteil Schachen alarmiert. \"PKW brennt in Garage\" lautete die Alarmmeldung. Nach wenigen Minuten r\u00fcckten wir mit allen Fahrzeugen zur ca. 7km entferten Einsatzstelle aus. Auf der Anfahrt wurde schwerer Atemschutz i HLF-4 aufgenommen. Zeitgleich war auch die Feuerwehr P\u00f6llau alarmiert worden und war auf Anfahrt.<\/p>\n<!-- \/wp:paragraph -->\n\n<!-- wp:paragraph -->\n<p>Beim Eintreffen am Einsatzort stand der Wagen in der Garage in Vollbrand. Rasch wurde vom Atemschutztrupp des HLF-4 ein L\u00f6schangriff mit C-Rohr vorgenommen, womit die Flammen rasch niedergeschlagen werden konnten. Die zeitgleich eintreffende Feuerwehr P\u00f6llau unterst\u00fctzte mit einem Atemschutz-Trupp. Nach dem kompletten Abl\u00f6schen des Fahrzeuges wurde zuerst der Rauch aus der Garage abgesaugt, in weiterer Folge das Garagentor entfernt und das Wrack mittels Traktor aus der Garage gezogen. Eine Person, welche sich noch im nicht verrauchten Dachgescho\u00df des Wohnhauses befand, wurde vom Atemschutz-Trupp der Feuerwehr P\u00f6llau ins Freie begleitet und zur Kontrolle dem Roten Kreuz \u00fcbergeben.<\/p>\n<!-- \/wp:paragraph -->\n\n<!-- wp:paragraph -->\n<p>Nach ca. 2h war der Einsatz beendet, im Einsatz standen:<\/p>\n<!-- \/wp:paragraph -->\n\n<!-- wp:list -->\n<ul class=\"wp-block-list\"><!-- wp:list-item -->\n<li>Feuerwehr Vorau mit HLF-4, RLFA, LKW-A,  MTF-A und MZF-A mit 30 Mann<\/li>\n<!-- \/wp:list-item -->\n\n<!-- wp:list-item -->\n<li>Feuerwehr P\u00f6llau mit KDO, HLF-4, WLF, SF und LKWA mit 25 Mann<\/li>\n<!-- \/wp:list-item -->\n\n<!-- wp:list-item -->\n<li>Rettung und Polizei<\/li>\n<!-- \/wp:list-item --><\/ul>\n<!-- \/wp:list -->\n\n<!-- wp:paragraph -->\n<p>Danke an die Feuerwehr P\u00f6llau f\u00fcr die gute Zusammenarbeit, zum dritten Mal in den letzten 5 Tagen ;-)<\/p>\n<!-- \/wp:paragraph -->\n\n<!-- wp:gallery {\"linkTo\":\"none\"} -->\n<figure class=\"wp-block-gallery has-nested-images columns-default is-cropped\"><!-- wp:image {\"id\":5508,\"sizeSlug\":\"large\",\"linkDestination\":\"none\"} -->\n<figure class=\"wp-block-image size-large\"><img src=\"https:\/\/feuerwehr-vorau.at\/site\/wp-content\/uploads\/2025\/11\/garagenbrand_01_1280x-1024x768.jpg\" alt=\"\" class=\"wp-image-5508\"\/><\/figure>\n<!-- \/wp:image -->\n\n<!-- wp:image {\"id\":5509,\"sizeSlug\":\"large\",\"linkDestination\":\"none\"} -->\n<figure class=\"wp-block-image size-large\"><img src=\"https:\/\/feuerwehr-vorau.at\/site\/wp-content\/uploads\/2025\/11\/garagenbrand_02_1280x-1024x768.jpg\" alt=\"\" class=\"wp-image-5509\"\/><\/figure>\n<!-- \/wp:image -->\n\n<!-- wp:image {\"id\":5506,\"sizeSlug\":\"large\",\"linkDestination\":\"none\"} -->\n<figure class=\"wp-block-image size-large\"><img src=\"https:\/\/feuerwehr-vorau.at\/site\/wp-content\/uploads\/2025\/11\/garagenbrand_04_1280x-1024x768.jpg\" alt=\"\" class=\"wp-image-5506\"\/><\/figure>\n<!-- \/wp:image -->\n\n<!-- wp:image {\"id\":5507,\"sizeSlug\":\"large\",\"linkDestination\":\"none\"} -->\n<figure class=\"wp-block-image size-large\"><img src=\"https:\/\/feuerwehr-vorau.at\/site\/wp-content\/uploads\/2025\/11\/garagenbrand_03_1280x-1024x768.jpg\" alt=\"\" class=\"wp-image-5507\"\/><\/figure>\n<!-- \/wp:image -->\n\n<!-- wp:image {\"id\":5511,\"sizeSlug\":\"large\",\"linkDestination\":\"none\"} -->\n<figure class=\"wp-block-image size-large\"><img src=\"https:\/\/feuerwehr-vorau.at\/site\/wp-content\/uploads\/2025\/11\/garagenbrand_06_1280x.jpg\" alt=\"\" class=\"wp-image-5511\"\/><\/figure>\n<!-- \/wp:image -->\n\n<!-- wp:image {\"id\":5519,\"sizeSlug\":\"large\",\"linkDestination\":\"none\"} -->\n<figure class=\"wp-block-image size-large\"><img src=\"https:\/\/feuerwehr-vorau.at\/site\/wp-content\/uploads\/2025\/11\/garagenbrand_07_1280x.jpg\" alt=\"\" class=\"wp-image-5519\"\/><\/figure>\n<!-- \/wp:image -->\n\n<!-- wp:image {\"id\":5517,\"sizeSlug\":\"large\",\"linkDestination\":\"none\"} -->\n<figure class=\"wp-block-image size-large\"><img src=\"https:\/\/feuerwehr-vorau.at\/site\/wp-content\/uploads\/2025\/11\/garagenbrand_08_1280x.jpg\" alt=\"\" class=\"wp-image-5517\"\/><\/figure>\n<!-- \/wp:image -->\n\n<!-- wp:image {\"id\":5513,\"sizeSlug\":\"large\",\"linkDestination\":\"none\"} -->\n<figure class=\"wp-block-image size-large\"><img src=\"https:\/\/feuerwehr-vorau.at\/site\/wp-content\/uploads\/2025\/11\/garagenbrand_09_1280x-1024x768.jpg\" alt=\"\" class=\"wp-image-5513\"\/><\/figure>\n<!-- \/wp:image -->\n\n<!-- wp:image {\"id\":5512,\"sizeSlug\":\"large\",\"linkDestination\":\"none\"} -->\n<figure class=\"wp-block-image size-large\"><img src=\"https:\/\/feuerwehr-vorau.at\/site\/wp-content\/uploads\/2025\/11\/garagenbrand_10_1280x.jpg\" alt=\"\" class=\"wp-image-5512\"\/><\/figure>\n<!-- \/wp:image -->\n\n<!-- wp:image {\"id\":5520,\"sizeSlug\":\"large\",\"linkDestination\":\"none\"} -->\n<figure class=\"wp-block-image size-large\"><img src=\"https:\/\/feuerwehr-vorau.at\/site\/wp-content\/uploads\/2025\/11\/garagenbrand_11_1280x-1024x768.jpg\" alt=\"\" class=\"wp-image-5520\"\/><\/figure>\n<!-- \/wp:image -->\n\n<!-- wp:image {\"id\":5516,\"sizeSlug\":\"large\",\"linkDestination\":\"none\"} -->\n<figure class=\"wp-block-image size-large\"><img src=\"https:\/\/feuerwehr-vorau.at\/site\/wp-content\/uploads\/2025\/11\/garagenbrand_12_1280x-1024x768.jpg\" alt=\"\" class=\"wp-image-5516\"\/><\/figure>\n<!-- \/wp:image -->\n\n<!-- wp:image {\"id\":5518,\"sizeSlug\":\"large\",\"linkDestination\":\"none\"} -->\n<figure class=\"wp-block-image size-large\"><img src=\"https:\/\/feuerwehr-vorau.at\/site\/wp-content\/uploads\/2025\/11\/garagenbrand_13_1280x-1024x768.jpg\" alt=\"\" class=\"wp-image-5518\"\/><\/figure>\n<!-- \/wp:image -->\n\n<!-- wp:image {\"id\":5521,\"sizeSlug\":\"large\",\"linkDestination\":\"none\"} -->\n<figure class=\"wp-block-image size-large\"><img src=\"https:\/\/feuerwehr-vorau.at\/site\/wp-content\/uploads\/2025\/11\/garagenbrand_14_1280x-1024x768.jpg\" alt=\"\" class=\"wp-image-5521\"\/><\/figure>\n<!-- \/wp:image -->\n\n<!-- wp:image {\"id\":5514,\"sizeSlug\":\"large\",\"linkDestination\":\"none\"} -->\n<figure class=\"wp-block-image size-large\"><img src=\"https:\/\/feuerwehr-vorau.at\/site\/wp-content\/uploads\/2025\/11\/garagenbrand_15_1280x-1024x768.jpg\" alt=\"\" class=\"wp-image-5514\"\/><\/figure>\n<!-- \/wp:image -->\n\n<!-- wp:image {\"id\":5515,\"sizeSlug\":\"large\",\"linkDestination\":\"none\"} -->\n<figure class=\"wp-block-image size-large\"><img src=\"https:\/\/feuerwehr-vorau.at\/site\/wp-content\/uploads\/2025\/11\/garagenbrand_16_1280x.jpg\" alt=\"\" class=\"wp-image-5515\"\/><\/figure>\n<!-- \/wp:image --><\/figure>\n<!-- \/wp:gallery -->","_et_gb_content_width":"","inline_featured_image":false,"_vp_format_video_url":"","_vp_image_focal_point":[],"footnotes":""},"categories":[24],"tags":[],"class_list":["post-5505","post","type-post","status-publish","format-standard","has-post-thumbnail","hentry","category-einsaetze"],"_links":{"self":[{"href":"https:\/\/feuerwehr-vorau.at\/site\/wp-json\/wp\/v2\/posts\/5505","targetHints":{"allow":["GET"]}}],"collection":[{"href":"https:\/\/feuerwehr-vorau.at\/site\/wp-json\/wp\/v2\/posts"}],"about":[{"href":"https:\/\/feuerwehr-vorau.at\/site\/wp-json\/wp\/v2\/types\/post"}],"author":[{"embeddable":true,"href":"https:\/\/feuerwehr-vorau.at\/site\/wp-json\/wp\/v2\/users\/1"}],"replies":[{"embeddable":true,"href":"https:\/\/feuerwehr-vorau.at\/site\/wp-json\/wp\/v2\/comments?post=5505"}],"version-history":[{"count":4,"href":"https:\/\/feuerwehr-vorau.at\/site\/wp-json\/wp\/v2\/posts\/5505\/revisions"}],"predecessor-version":[{"id":5526,"href":"https:\/\/feuerwehr-vorau.at\/site\/wp-json\/wp\/v2\/posts\/5505\/revisions\/5526"}],"wp:featuredmedia":[{"embeddable":true,"href":"https:\/\/feuerwehr-vorau.at\/site\/wp-json\/wp\/v2\/media\/5509"}],"wp:attachment":[{"href":"https:\/\/feuerwehr-vorau.at\/site\/wp-json\/wp\/v2\/media?parent=5505"}],"wp:term":[{"taxonomy":"category","embeddable":true,"href":"https:\/\/feuerwehr-vorau.at\/site\/wp-json\/wp\/v2\/categories?post=5505"},{"taxonomy":"post_tag","embeddable":true,"href":"https:\/\/feuerwehr-vorau.at\/site\/wp-json\/wp\/v2\/tags?post=5505"}],"curies":[{"name":"wp","href":"https:\/\/api.w.org\/{rel}","templated":true}]}}