{"id":5484,"date":"2025-11-26T10:38:20","date_gmt":"2025-11-26T09:38:20","guid":{"rendered":"https:\/\/feuerwehr-vorau.at\/site\/?p=5484"},"modified":"2025-11-26T10:41:40","modified_gmt":"2025-11-26T09:41:40","slug":"fahrzeugbergung-in-vorau-5","status":"publish","type":"post","link":"https:\/\/feuerwehr-vorau.at\/site\/fahrzeugbergung-in-vorau-5\/","title":{"rendered":"Fahrzeugbergung in Vorau"},"content":{"rendered":"\n<p>Am Dienstag, dem 25.11.2025 wurde die Feuerwehr Vorau um 15:08 Uhr mit Stillem Alarm zu einer Fahrzeugbergung in Vorau, am Badparkplatz gerufen. Das RLFA und der LKWA r\u00fcckten mit 9 Kamerad:innen zum Einsatz aus.<\/p>\n\n\n\n<p>Eine Lenkerin war beim Reversieren r\u00fcckw\u00e4rts \u00fcber eine B\u00f6schung gefahren und im Bach gelandet. Die Frau war unverletzt geblieben und hatte sich selbst befreien k\u00f6nnen. Nach der Erkundung der Lage wurde entschieden, das SRF Hartberg nachzualarmieren, um das Fahrzeug mittels Kran bergen zu k\u00f6nnen.<\/p>\n\n\n\n<p>Die Fahrzeugbergung konnte schlie\u00dflich rasch durchgef\u00fchrt werden. Danke an die Feuerwehr Hartberg f\u00fcr die gute Zusammenarbeit.<br>Nach ca. 2h war der Einsatz beendet und alle Kr\u00e4fte zur\u00fcck im R\u00fcsthaus einsatzbereit.<\/p>\n\n\n\n<figure class=\"wp-block-gallery has-nested-images columns-default is-cropped wp-block-gallery-1 is-layout-flex wp-block-gallery-is-layout-flex\">\n<figure class=\"wp-block-image size-large\"><a href=\"https:\/\/feuerwehr-vorau.at\/site\/wp-content\/uploads\/2025\/11\/pkw_bergung_01.jpg\"><img fetchpriority=\"high\" fetchpriority=\"high\" decoding=\"async\" width=\"769\" height=\"1024\" data-id=\"5493\" src=\"https:\/\/feuerwehr-vorau.at\/site\/wp-content\/uploads\/2025\/11\/pkw_bergung_01-769x1024.jpg\" alt=\"\" class=\"wp-image-5493\"\/><\/a><\/figure>\n\n\n\n<figure class=\"wp-block-image size-large\"><a href=\"https:\/\/feuerwehr-vorau.at\/site\/wp-content\/uploads\/2025\/11\/pkw_bergung_04.jpg\"><img decoding=\"async\" width=\"769\" height=\"1024\" data-id=\"5487\" src=\"https:\/\/feuerwehr-vorau.at\/site\/wp-content\/uploads\/2025\/11\/pkw_bergung_04-769x1024.jpg\" alt=\"\" class=\"wp-image-5487\"\/><\/a><\/figure>\n\n\n\n<figure class=\"wp-block-image size-large\"><a href=\"https:\/\/feuerwehr-vorau.at\/site\/wp-content\/uploads\/2025\/11\/pkw_bergung_03-1.jpg\"><img decoding=\"async\" width=\"769\" height=\"1024\" data-id=\"5498\" src=\"https:\/\/feuerwehr-vorau.at\/site\/wp-content\/uploads\/2025\/11\/pkw_bergung_03-1-769x1024.jpg\" alt=\"\" class=\"wp-image-5498\"\/><\/a><\/figure>\n\n\n\n<figure class=\"wp-block-image size-large\"><a href=\"https:\/\/feuerwehr-vorau.at\/site\/wp-content\/uploads\/2025\/11\/pkw_bergung_06.jpg\"><img loading=\"lazy\" loading=\"lazy\" decoding=\"async\" width=\"769\" height=\"1024\" data-id=\"5491\" src=\"https:\/\/feuerwehr-vorau.at\/site\/wp-content\/uploads\/2025\/11\/pkw_bergung_06-769x1024.jpg\" alt=\"\" class=\"wp-image-5491\"\/><\/a><\/figure>\n\n\n\n<figure class=\"wp-block-image size-large\"><a href=\"https:\/\/feuerwehr-vorau.at\/site\/wp-content\/uploads\/2025\/11\/pkw_bergung_05.jpg\"><img loading=\"lazy\" loading=\"lazy\" decoding=\"async\" width=\"769\" height=\"1024\" data-id=\"5492\" src=\"https:\/\/feuerwehr-vorau.at\/site\/wp-content\/uploads\/2025\/11\/pkw_bergung_05-769x1024.jpg\" alt=\"\" class=\"wp-image-5492\"\/><\/a><\/figure>\n\n\n\n<figure class=\"wp-block-image size-large\"><a href=\"https:\/\/feuerwehr-vorau.at\/site\/wp-content\/uploads\/2025\/11\/pkw_bergung_07.jpg\"><img loading=\"lazy\" loading=\"lazy\" decoding=\"async\" width=\"769\" height=\"1024\" data-id=\"5489\" src=\"https:\/\/feuerwehr-vorau.at\/site\/wp-content\/uploads\/2025\/11\/pkw_bergung_07-769x1024.jpg\" alt=\"\" class=\"wp-image-5489\"\/><\/a><\/figure>\n\n\n\n<figure class=\"wp-block-image size-large\"><a href=\"https:\/\/feuerwehr-vorau.at\/site\/wp-content\/uploads\/2025\/11\/pkw_bergung_08.jpg\"><img loading=\"lazy\" loading=\"lazy\" decoding=\"async\" width=\"769\" height=\"1024\" data-id=\"5490\" src=\"https:\/\/feuerwehr-vorau.at\/site\/wp-content\/uploads\/2025\/11\/pkw_bergung_08-769x1024.jpg\" alt=\"\" class=\"wp-image-5490\"\/><\/a><\/figure>\n\n\n\n<figure class=\"wp-block-image size-large\"><a href=\"https:\/\/feuerwehr-vorau.at\/site\/wp-content\/uploads\/2025\/11\/pkw_bergung_09.jpg\"><img loading=\"lazy\" loading=\"lazy\" decoding=\"async\" width=\"769\" height=\"1024\" data-id=\"5486\" src=\"https:\/\/feuerwehr-vorau.at\/site\/wp-content\/uploads\/2025\/11\/pkw_bergung_09-769x1024.jpg\" alt=\"\" class=\"wp-image-5486\"\/><\/a><\/figure>\n\n\n\n<figure class=\"wp-block-image size-large\"><a href=\"https:\/\/feuerwehr-vorau.at\/site\/wp-content\/uploads\/2025\/11\/pkw_bergung_10.jpg\"><img loading=\"lazy\" loading=\"lazy\" decoding=\"async\" width=\"769\" height=\"1024\" data-id=\"5494\" src=\"https:\/\/feuerwehr-vorau.at\/site\/wp-content\/uploads\/2025\/11\/pkw_bergung_10-769x1024.jpg\" alt=\"\" class=\"wp-image-5494\"\/><\/a><\/figure>\n\n\n\n<figure class=\"wp-block-image size-large\"><a href=\"https:\/\/feuerwehr-vorau.at\/site\/wp-content\/uploads\/2025\/11\/pkw_bergung_11.jpg\"><img loading=\"lazy\" loading=\"lazy\" decoding=\"async\" width=\"769\" height=\"1024\" data-id=\"5485\" src=\"https:\/\/feuerwehr-vorau.at\/site\/wp-content\/uploads\/2025\/11\/pkw_bergung_11-769x1024.jpg\" alt=\"\" class=\"wp-image-5485\"\/><\/a><\/figure>\n\n\n\n<figure class=\"wp-block-image size-large\"><a href=\"https:\/\/feuerwehr-vorau.at\/site\/wp-content\/uploads\/2025\/11\/pkw_bergung_12.jpg\"><img loading=\"lazy\" loading=\"lazy\" decoding=\"async\" width=\"769\" height=\"1024\" data-id=\"5488\" src=\"https:\/\/feuerwehr-vorau.at\/site\/wp-content\/uploads\/2025\/11\/pkw_bergung_12-769x1024.jpg\" alt=\"\" class=\"wp-image-5488\"\/><\/a><\/figure>\n\n\n\n<figure class=\"wp-block-image size-large\"><a href=\"https:\/\/feuerwehr-vorau.at\/site\/wp-content\/uploads\/2025\/11\/pkw_bergung_13-1.jpg\"><img loading=\"lazy\" loading=\"lazy\" decoding=\"async\" width=\"769\" height=\"1024\" data-id=\"5497\" src=\"https:\/\/feuerwehr-vorau.at\/site\/wp-content\/uploads\/2025\/11\/pkw_bergung_13-1-769x1024.jpg\" alt=\"\" class=\"wp-image-5497\"\/><\/a><\/figure>\n<\/figure>\n","protected":false},"excerpt":{"rendered":"<p>Am Dienstag, dem 25.11.2025 wurde die Feuerwehr Vorau um 15:08 Uhr mit Stillem Alarm zu einer Fahrzeugbergung in Vorau, am Badparkplatz gerufen. Das RLFA und der LKWA r\u00fcckten mit 9 Kamerad:innen zum Einsatz aus. Eine Lenkerin war beim Reversieren r\u00fcckw\u00e4rts \u00fcber eine B\u00f6schung gefahren und im Bach gelandet. Die Frau war unverletzt geblieben und hatte [&hellip;]<\/p>\n","protected":false},"author":1,"featured_media":5490,"comment_status":"open","ping_status":"open","sticky":false,"template":"","format":"standard","meta":{"_et_pb_use_builder":"off","_et_pb_old_content":"","_et_gb_content_width":"","inline_featured_image":false,"_vp_format_video_url":"","_vp_image_focal_point":[],"footnotes":""},"categories":[24],"tags":[],"class_list":["post-5484","post","type-post","status-publish","format-standard","has-post-thumbnail","hentry","category-einsaetze"],"_links":{"self":[{"href":"https:\/\/feuerwehr-vorau.at\/site\/wp-json\/wp\/v2\/posts\/5484","targetHints":{"allow":["GET"]}}],"collection":[{"href":"https:\/\/feuerwehr-vorau.at\/site\/wp-json\/wp\/v2\/posts"}],"about":[{"href":"https:\/\/feuerwehr-vorau.at\/site\/wp-json\/wp\/v2\/types\/post"}],"author":[{"embeddable":true,"href":"https:\/\/feuerwehr-vorau.at\/site\/wp-json\/wp\/v2\/users\/1"}],"replies":[{"embeddable":true,"href":"https:\/\/feuerwehr-vorau.at\/site\/wp-json\/wp\/v2\/comments?post=5484"}],"version-history":[{"count":3,"href":"https:\/\/feuerwehr-vorau.at\/site\/wp-json\/wp\/v2\/posts\/5484\/revisions"}],"predecessor-version":[{"id":5503,"href":"https:\/\/feuerwehr-vorau.at\/site\/wp-json\/wp\/v2\/posts\/5484\/revisions\/5503"}],"wp:featuredmedia":[{"embeddable":true,"href":"https:\/\/feuerwehr-vorau.at\/site\/wp-json\/wp\/v2\/media\/5490"}],"wp:attachment":[{"href":"https:\/\/feuerwehr-vorau.at\/site\/wp-json\/wp\/v2\/media?parent=5484"}],"wp:term":[{"taxonomy":"category","embeddable":true,"href":"https:\/\/feuerwehr-vorau.at\/site\/wp-json\/wp\/v2\/categories?post=5484"},{"taxonomy":"post_tag","embeddable":true,"href":"https:\/\/feuerwehr-vorau.at\/site\/wp-json\/wp\/v2\/tags?post=5484"}],"curies":[{"name":"wp","href":"https:\/\/api.w.org\/{rel}","templated":true}]}}