{"id":5467,"date":"2025-11-23T18:00:00","date_gmt":"2025-11-23T17:00:00","guid":{"rendered":"https:\/\/feuerwehr-vorau.at\/site\/?p=5467"},"modified":"2025-11-24T10:47:21","modified_gmt":"2025-11-24T09:47:21","slug":"fahrzeugbergung-in-schachen-4","status":"publish","type":"post","link":"https:\/\/feuerwehr-vorau.at\/site\/fahrzeugbergung-in-schachen-4\/","title":{"rendered":"Fahrzeugbergung in Schachen"},"content":{"rendered":"\n<p>Am Sonntag, dem 23.11.2025 wurde die Feuerwehr Vorau um 10:18Uhr mit Stillem Alarm zu einer Fahrzeugbergung in Schachen, am Masenberg gerufen. Nach wenigen Minuten r\u00fcckten das RLFA und der LKWA mit 13 Kamerad:innen zum Einsatz aus.<\/p>\n\n\n\n<p>Ein abgestellter PKW war neben einem Einfamilienhaus r\u00fcckw\u00e4rts ins Rollen gekommen und \u00fcber eine steile B\u00f6schung gest\u00fcrzt. Nachdem das Fahrzeug unbesetzt war, waren keine Personen zu Schaden gekommen. Nach dem Erkunden der Lage wurde entschieden, den Unfallwagen mittels Kran zu bergen und so musste die Feuerwehr P\u00f6llau mit dem SRF nachalarmiert werden. Nach deren Eintreffen konnte die Fahrzeugbergung rasch durchgef\u00fchrt werden und nach ca. 1,5h waren alle Einsatzkr\u00e4fte wieder zur\u00fcck im R\u00fcsthaus und einsatzbereit.<\/p>\n\n\n\n<p>Im Einsatz waren:<\/p>\n\n\n\n<ul class=\"wp-block-list\">\n<li>Feuerwehr Vorau mit RLFA, LKWA und 13 Personen<\/li>\n\n\n\n<li>Feuerwehr P\u00f6llau mit MTFA und SRF mit 7 Personen<\/li>\n<\/ul>\n\n\n\n<p>Wir bedanken uns bei unseren Kameraden der FF P\u00f6llau f\u00fcr die gute Zusammenarbeit.<\/p>\n\n\n\n<figure class=\"wp-block-gallery has-nested-images columns-default is-cropped wp-block-gallery-1 is-layout-flex wp-block-gallery-is-layout-flex\">\n<figure class=\"wp-block-image size-large\"><a href=\"https:\/\/feuerwehr-vorau.at\/site\/wp-content\/uploads\/2025\/11\/pkw_bergung_01_1280x.jpg\"><img fetchpriority=\"high\" fetchpriority=\"high\" decoding=\"async\" width=\"1024\" height=\"768\" data-id=\"5475\" src=\"https:\/\/feuerwehr-vorau.at\/site\/wp-content\/uploads\/2025\/11\/pkw_bergung_01_1280x-1024x768.jpg\" alt=\"\" class=\"wp-image-5475\" srcset=\"https:\/\/feuerwehr-vorau.at\/site\/wp-content\/uploads\/2025\/11\/pkw_bergung_01_1280x-1024x768.jpg 1024w, https:\/\/feuerwehr-vorau.at\/site\/wp-content\/uploads\/2025\/11\/pkw_bergung_01_1280x-980x735.jpg 980w, https:\/\/feuerwehr-vorau.at\/site\/wp-content\/uploads\/2025\/11\/pkw_bergung_01_1280x-480x360.jpg 480w\" sizes=\"(min-width: 0px) and (max-width: 480px) 480px, (min-width: 481px) and (max-width: 980px) 980px, (min-width: 981px) 1024px, 100vw\" \/><\/a><\/figure>\n\n\n\n<figure class=\"wp-block-image size-large\"><a href=\"https:\/\/feuerwehr-vorau.at\/site\/wp-content\/uploads\/2025\/11\/pkw_bergung_02_1280x.jpg\"><img decoding=\"async\" width=\"1024\" height=\"768\" data-id=\"5473\" src=\"https:\/\/feuerwehr-vorau.at\/site\/wp-content\/uploads\/2025\/11\/pkw_bergung_02_1280x-1024x768.jpg\" alt=\"\" class=\"wp-image-5473\" srcset=\"https:\/\/feuerwehr-vorau.at\/site\/wp-content\/uploads\/2025\/11\/pkw_bergung_02_1280x-1024x768.jpg 1024w, https:\/\/feuerwehr-vorau.at\/site\/wp-content\/uploads\/2025\/11\/pkw_bergung_02_1280x-980x735.jpg 980w, https:\/\/feuerwehr-vorau.at\/site\/wp-content\/uploads\/2025\/11\/pkw_bergung_02_1280x-480x360.jpg 480w\" sizes=\"(min-width: 0px) and (max-width: 480px) 480px, (min-width: 481px) and (max-width: 980px) 980px, (min-width: 981px) 1024px, 100vw\" \/><\/a><\/figure>\n\n\n\n<figure class=\"wp-block-image size-large\"><a href=\"https:\/\/feuerwehr-vorau.at\/site\/wp-content\/uploads\/2025\/11\/pkw_bergung_04_1280x.jpg\"><img decoding=\"async\" width=\"720\" height=\"960\" data-id=\"5468\" src=\"https:\/\/feuerwehr-vorau.at\/site\/wp-content\/uploads\/2025\/11\/pkw_bergung_04_1280x.jpg\" alt=\"\" class=\"wp-image-5468\" srcset=\"https:\/\/feuerwehr-vorau.at\/site\/wp-content\/uploads\/2025\/11\/pkw_bergung_04_1280x.jpg 720w, https:\/\/feuerwehr-vorau.at\/site\/wp-content\/uploads\/2025\/11\/pkw_bergung_04_1280x-480x640.jpg 480w\" sizes=\"(min-width: 0px) and (max-width: 480px) 480px, (min-width: 481px) 720px, 100vw\" \/><\/a><\/figure>\n\n\n\n<figure class=\"wp-block-image size-large\"><a href=\"https:\/\/feuerwehr-vorau.at\/site\/wp-content\/uploads\/2025\/11\/pkw_bergung_05_1280x.jpg\"><img loading=\"lazy\" loading=\"lazy\" decoding=\"async\" width=\"1024\" height=\"768\" data-id=\"5470\" src=\"https:\/\/feuerwehr-vorau.at\/site\/wp-content\/uploads\/2025\/11\/pkw_bergung_05_1280x-1024x768.jpg\" alt=\"\" class=\"wp-image-5470\" srcset=\"https:\/\/feuerwehr-vorau.at\/site\/wp-content\/uploads\/2025\/11\/pkw_bergung_05_1280x-1024x768.jpg 1024w, https:\/\/feuerwehr-vorau.at\/site\/wp-content\/uploads\/2025\/11\/pkw_bergung_05_1280x-980x735.jpg 980w, https:\/\/feuerwehr-vorau.at\/site\/wp-content\/uploads\/2025\/11\/pkw_bergung_05_1280x-480x360.jpg 480w\" sizes=\"(min-width: 0px) and (max-width: 480px) 480px, (min-width: 481px) and (max-width: 980px) 980px, (min-width: 981px) 1024px, 100vw\" \/><\/a><\/figure>\n\n\n\n<figure class=\"wp-block-image size-large\"><a href=\"https:\/\/feuerwehr-vorau.at\/site\/wp-content\/uploads\/2025\/11\/pkw_bergung_06_1280x.jpg\"><img loading=\"lazy\" loading=\"lazy\" decoding=\"async\" width=\"1024\" height=\"768\" data-id=\"5472\" src=\"https:\/\/feuerwehr-vorau.at\/site\/wp-content\/uploads\/2025\/11\/pkw_bergung_06_1280x-1024x768.jpg\" alt=\"\" class=\"wp-image-5472\" srcset=\"https:\/\/feuerwehr-vorau.at\/site\/wp-content\/uploads\/2025\/11\/pkw_bergung_06_1280x-1024x768.jpg 1024w, https:\/\/feuerwehr-vorau.at\/site\/wp-content\/uploads\/2025\/11\/pkw_bergung_06_1280x-980x735.jpg 980w, https:\/\/feuerwehr-vorau.at\/site\/wp-content\/uploads\/2025\/11\/pkw_bergung_06_1280x-480x360.jpg 480w\" sizes=\"(min-width: 0px) and (max-width: 480px) 480px, (min-width: 481px) and (max-width: 980px) 980px, (min-width: 981px) 1024px, 100vw\" \/><\/a><\/figure>\n\n\n\n<figure class=\"wp-block-image size-large\"><a href=\"https:\/\/feuerwehr-vorau.at\/site\/wp-content\/uploads\/2025\/11\/pkw_bergung_07_1280x.jpg\"><img loading=\"lazy\" loading=\"lazy\" decoding=\"async\" width=\"1024\" height=\"768\" data-id=\"5474\" src=\"https:\/\/feuerwehr-vorau.at\/site\/wp-content\/uploads\/2025\/11\/pkw_bergung_07_1280x-1024x768.jpg\" alt=\"\" class=\"wp-image-5474\" srcset=\"https:\/\/feuerwehr-vorau.at\/site\/wp-content\/uploads\/2025\/11\/pkw_bergung_07_1280x-1024x768.jpg 1024w, https:\/\/feuerwehr-vorau.at\/site\/wp-content\/uploads\/2025\/11\/pkw_bergung_07_1280x-980x735.jpg 980w, https:\/\/feuerwehr-vorau.at\/site\/wp-content\/uploads\/2025\/11\/pkw_bergung_07_1280x-480x360.jpg 480w\" sizes=\"(min-width: 0px) and (max-width: 480px) 480px, (min-width: 481px) and (max-width: 980px) 980px, (min-width: 981px) 1024px, 100vw\" \/><\/a><\/figure>\n\n\n\n<figure class=\"wp-block-image size-large\"><a href=\"https:\/\/feuerwehr-vorau.at\/site\/wp-content\/uploads\/2025\/11\/pkw_bergung_08_1280x.jpg\"><img loading=\"lazy\" loading=\"lazy\" decoding=\"async\" width=\"1024\" height=\"768\" data-id=\"5471\" src=\"https:\/\/feuerwehr-vorau.at\/site\/wp-content\/uploads\/2025\/11\/pkw_bergung_08_1280x-1024x768.jpg\" alt=\"\" class=\"wp-image-5471\" srcset=\"https:\/\/feuerwehr-vorau.at\/site\/wp-content\/uploads\/2025\/11\/pkw_bergung_08_1280x-1024x768.jpg 1024w, https:\/\/feuerwehr-vorau.at\/site\/wp-content\/uploads\/2025\/11\/pkw_bergung_08_1280x-980x735.jpg 980w, https:\/\/feuerwehr-vorau.at\/site\/wp-content\/uploads\/2025\/11\/pkw_bergung_08_1280x-480x360.jpg 480w\" sizes=\"(min-width: 0px) and (max-width: 480px) 480px, (min-width: 481px) and (max-width: 980px) 980px, (min-width: 981px) 1024px, 100vw\" \/><\/a><\/figure>\n\n\n\n<figure class=\"wp-block-image size-large\"><a href=\"https:\/\/feuerwehr-vorau.at\/site\/wp-content\/uploads\/2025\/11\/pkw_bergung_09_1280x.jpg\"><img loading=\"lazy\" loading=\"lazy\" decoding=\"async\" width=\"720\" height=\"960\" data-id=\"5469\" src=\"https:\/\/feuerwehr-vorau.at\/site\/wp-content\/uploads\/2025\/11\/pkw_bergung_09_1280x.jpg\" alt=\"\" class=\"wp-image-5469\" srcset=\"https:\/\/feuerwehr-vorau.at\/site\/wp-content\/uploads\/2025\/11\/pkw_bergung_09_1280x.jpg 720w, https:\/\/feuerwehr-vorau.at\/site\/wp-content\/uploads\/2025\/11\/pkw_bergung_09_1280x-480x640.jpg 480w\" sizes=\"(min-width: 0px) and (max-width: 480px) 480px, (min-width: 481px) 720px, 100vw\" \/><\/a><\/figure>\n<\/figure>\n","protected":false},"excerpt":{"rendered":"<p>Am Sonntag, dem 23.11.2025 wurde die Feuerwehr Vorau um 10:18Uhr mit Stillem Alarm zu einer Fahrzeugbergung in Schachen, am Masenberg gerufen. Nach wenigen Minuten r\u00fcckten das RLFA und der LKWA mit 13 Kamerad:innen zum Einsatz aus. Ein abgestellter PKW war neben einem Einfamilienhaus r\u00fcckw\u00e4rts ins Rollen gekommen und \u00fcber eine steile B\u00f6schung gest\u00fcrzt. Nachdem das [&hellip;]<\/p>\n","protected":false},"author":1,"featured_media":5471,"comment_status":"open","ping_status":"open","sticky":false,"template":"","format":"standard","meta":{"_et_pb_use_builder":"off","_et_pb_old_content":"","_et_gb_content_width":"","inline_featured_image":false,"_vp_format_video_url":"","_vp_image_focal_point":[],"footnotes":""},"categories":[24],"tags":[],"class_list":["post-5467","post","type-post","status-publish","format-standard","has-post-thumbnail","hentry","category-einsaetze"],"_links":{"self":[{"href":"https:\/\/feuerwehr-vorau.at\/site\/wp-json\/wp\/v2\/posts\/5467","targetHints":{"allow":["GET"]}}],"collection":[{"href":"https:\/\/feuerwehr-vorau.at\/site\/wp-json\/wp\/v2\/posts"}],"about":[{"href":"https:\/\/feuerwehr-vorau.at\/site\/wp-json\/wp\/v2\/types\/post"}],"author":[{"embeddable":true,"href":"https:\/\/feuerwehr-vorau.at\/site\/wp-json\/wp\/v2\/users\/1"}],"replies":[{"embeddable":true,"href":"https:\/\/feuerwehr-vorau.at\/site\/wp-json\/wp\/v2\/comments?post=5467"}],"version-history":[{"count":1,"href":"https:\/\/feuerwehr-vorau.at\/site\/wp-json\/wp\/v2\/posts\/5467\/revisions"}],"predecessor-version":[{"id":5476,"href":"https:\/\/feuerwehr-vorau.at\/site\/wp-json\/wp\/v2\/posts\/5467\/revisions\/5476"}],"wp:featuredmedia":[{"embeddable":true,"href":"https:\/\/feuerwehr-vorau.at\/site\/wp-json\/wp\/v2\/media\/5471"}],"wp:attachment":[{"href":"https:\/\/feuerwehr-vorau.at\/site\/wp-json\/wp\/v2\/media?parent=5467"}],"wp:term":[{"taxonomy":"category","embeddable":true,"href":"https:\/\/feuerwehr-vorau.at\/site\/wp-json\/wp\/v2\/categories?post=5467"},{"taxonomy":"post_tag","embeddable":true,"href":"https:\/\/feuerwehr-vorau.at\/site\/wp-json\/wp\/v2\/tags?post=5467"}],"curies":[{"name":"wp","href":"https:\/\/api.w.org\/{rel}","templated":true}]}}