{"id":5448,"date":"2025-11-23T18:57:51","date_gmt":"2025-11-23T17:57:51","guid":{"rendered":"https:\/\/feuerwehr-vorau.at\/site\/?p=5448"},"modified":"2025-11-28T09:33:52","modified_gmt":"2025-11-28T08:33:52","slug":"kellerbrand-in-puchegg-3","status":"publish","type":"post","link":"https:\/\/feuerwehr-vorau.at\/site\/kellerbrand-in-puchegg-3\/","title":{"rendered":"Kellerbrand in Puchegg"},"content":{"rendered":"\n<p>Am Sonntag, dem 23.11.2025 wurden wir um 16:42Uhr mit Sirenenalarm zu einem Kellerbrand in den Ortsteil Puchegg gerufen. Wir r\u00fcckten umgehend zum ca. 6km entfernten Einsatzort aus. Noch am Weg dorthin, hat die Besatzung des HLF4 sowie des RLFA schweren Atemschutz aufgenommen. Parallel dazu, wurde auch unsere Nachbarfeuerwehr, die Feuerwehr P\u00f6llau alarmiert. Auch diese r\u00fcstete sich am Weg zur Einsatzstelle mit schwerem Atemschutz aus. An der Einsatzstelle angekommen, stellte sich heraus, dass es sich um einen Heizraumbrand im Kellergeschoss eines Einfamilienhauses handelt.<\/p>\n\n\n\n<p>Unsere T\u00e4tigkeiten auf der Einsatzstelle:<\/p>\n\n\n\n<ul class=\"wp-block-list\">\n<li>Absicherung und umfangreiches Beleuchten der Einsatzstelle<\/li>\n\n\n\n<li>Innenangriff mittels C-Rohr unter schwerem Atemschutz<\/li>\n\n\n\n<li>Aufbau eines Atemschutzsammelplatzes und Positionierung der beiden Reservetrupps<\/li>\n\n\n\n<li>Aufbau der Einsatzleitung durch das KDO P\u00f6llau<\/li>\n\n\n\n<li>Entl\u00fcften der R\u00e4umlichkeiten<\/li>\n\n\n\n<li>Pr\u00fcfung der Glutnester mittels W\u00e4rmebildkamera und teils freir\u00e4umen der Kellerr\u00e4umlichkeiten<\/li>\n\n\n\n<li>Durchf\u00fchrung von Nachl\u00f6scharbeiten<\/li>\n\n\n\n<li>Endkontrolle mittels W\u00e4rmebildkamera<\/li>\n<\/ul>\n\n\n\n<p>Wir bedanken uns an dieser Stelle an alle beteiligten Blaulichtorganisationen f\u00fcr die hervorragende Zusammenarbeit vor Ort.<\/p>\n\n\n\n<p>Eingesetzt waren:<\/p>\n\n\n\n<ul class=\"wp-block-list\">\n<li>HLF4, RLFA, LKWA, MTFA &amp; MZFA Vorau mit 30 Kr\u00e4ften<\/li>\n\n\n\n<li>Feuerwehr P\u00f6llau mit KDO, WLF AB Wasser 14000, HLF4, LKW-A &amp; SF-1000 mit 23 Kr\u00e4ften sowie 10 Kr\u00e4fte in Bereitschaft<\/li>\n\n\n\n<li>Polizei Rohrbach<\/li>\n\n\n\n<li>Rotes Kreuz Vorau<\/li>\n<\/ul>\n\n\n\n<p>Nach ca. 1 \u00bd Stunde waren alle Kr\u00e4fte wieder zur\u00fcck im R\u00fcsthaus einger\u00fcckt und die Einsatzbereitschaft war wiederhergestellt.<\/p>\n\n\n\n<figure class=\"wp-block-gallery has-nested-images columns-default is-cropped wp-block-gallery-1 is-layout-flex wp-block-gallery-is-layout-flex\">\n<figure class=\"wp-block-image size-large\"><a href=\"https:\/\/feuerwehr-vorau.at\/site\/wp-content\/uploads\/2025\/11\/01.jpeg\"><img fetchpriority=\"high\" fetchpriority=\"high\" decoding=\"async\" width=\"1024\" height=\"768\" data-id=\"5451\" src=\"https:\/\/feuerwehr-vorau.at\/site\/wp-content\/uploads\/2025\/11\/01-1024x768.jpeg\" alt=\"\" class=\"wp-image-5451\" srcset=\"https:\/\/feuerwehr-vorau.at\/site\/wp-content\/uploads\/2025\/11\/01-980x735.jpeg 980w, https:\/\/feuerwehr-vorau.at\/site\/wp-content\/uploads\/2025\/11\/01-480x360.jpeg 480w\" sizes=\"(min-width: 0px) and (max-width: 480px) 480px, (min-width: 481px) and (max-width: 980px) 980px, (min-width: 981px) 1024px, 100vw\" \/><\/a><\/figure>\n\n\n\n<figure class=\"wp-block-image size-large\"><a href=\"https:\/\/feuerwehr-vorau.at\/site\/wp-content\/uploads\/2025\/11\/02.jpeg\"><img decoding=\"async\" width=\"1024\" height=\"768\" data-id=\"5459\" src=\"https:\/\/feuerwehr-vorau.at\/site\/wp-content\/uploads\/2025\/11\/02-1024x768.jpeg\" alt=\"\" class=\"wp-image-5459\" srcset=\"https:\/\/feuerwehr-vorau.at\/site\/wp-content\/uploads\/2025\/11\/02-980x735.jpeg 980w, https:\/\/feuerwehr-vorau.at\/site\/wp-content\/uploads\/2025\/11\/02-480x360.jpeg 480w\" sizes=\"(min-width: 0px) and (max-width: 480px) 480px, (min-width: 481px) and (max-width: 980px) 980px, (min-width: 981px) 1024px, 100vw\" \/><\/a><\/figure>\n\n\n\n<figure class=\"wp-block-image size-large\"><a href=\"https:\/\/feuerwehr-vorau.at\/site\/wp-content\/uploads\/2025\/11\/03.jpeg\"><img decoding=\"async\" width=\"768\" height=\"1024\" data-id=\"5458\" src=\"https:\/\/feuerwehr-vorau.at\/site\/wp-content\/uploads\/2025\/11\/03-768x1024.jpeg\" alt=\"\" class=\"wp-image-5458\"\/><\/a><\/figure>\n\n\n\n<figure class=\"wp-block-image size-large\"><a href=\"https:\/\/feuerwehr-vorau.at\/site\/wp-content\/uploads\/2025\/11\/04.jpeg\"><img loading=\"lazy\" loading=\"lazy\" decoding=\"async\" width=\"768\" height=\"1024\" data-id=\"5457\" src=\"https:\/\/feuerwehr-vorau.at\/site\/wp-content\/uploads\/2025\/11\/04-768x1024.jpeg\" alt=\"\" class=\"wp-image-5457\"\/><\/a><\/figure>\n\n\n\n<figure class=\"wp-block-image size-large\"><a href=\"https:\/\/feuerwehr-vorau.at\/site\/wp-content\/uploads\/2025\/11\/05.jpeg\"><img loading=\"lazy\" loading=\"lazy\" decoding=\"async\" width=\"768\" height=\"1024\" data-id=\"5462\" src=\"https:\/\/feuerwehr-vorau.at\/site\/wp-content\/uploads\/2025\/11\/05-768x1024.jpeg\" alt=\"\" class=\"wp-image-5462\"\/><\/a><\/figure>\n\n\n\n<figure class=\"wp-block-image size-large\"><a href=\"https:\/\/feuerwehr-vorau.at\/site\/wp-content\/uploads\/2025\/11\/06.jpeg\"><img loading=\"lazy\" loading=\"lazy\" decoding=\"async\" width=\"1024\" height=\"768\" data-id=\"5455\" src=\"https:\/\/feuerwehr-vorau.at\/site\/wp-content\/uploads\/2025\/11\/06-1024x768.jpeg\" alt=\"\" class=\"wp-image-5455\" srcset=\"https:\/\/feuerwehr-vorau.at\/site\/wp-content\/uploads\/2025\/11\/06-980x735.jpeg 980w, https:\/\/feuerwehr-vorau.at\/site\/wp-content\/uploads\/2025\/11\/06-480x360.jpeg 480w\" sizes=\"(min-width: 0px) and (max-width: 480px) 480px, (min-width: 481px) and (max-width: 980px) 980px, (min-width: 981px) 1024px, 100vw\" \/><\/a><\/figure>\n\n\n\n<figure class=\"wp-block-image size-large\"><a href=\"https:\/\/feuerwehr-vorau.at\/site\/wp-content\/uploads\/2025\/11\/07.jpeg\"><img loading=\"lazy\" loading=\"lazy\" decoding=\"async\" width=\"1024\" height=\"768\" data-id=\"5456\" src=\"https:\/\/feuerwehr-vorau.at\/site\/wp-content\/uploads\/2025\/11\/07-1024x768.jpeg\" alt=\"\" class=\"wp-image-5456\" srcset=\"https:\/\/feuerwehr-vorau.at\/site\/wp-content\/uploads\/2025\/11\/07-980x735.jpeg 980w, https:\/\/feuerwehr-vorau.at\/site\/wp-content\/uploads\/2025\/11\/07-480x360.jpeg 480w\" sizes=\"(min-width: 0px) and (max-width: 480px) 480px, (min-width: 481px) and (max-width: 980px) 980px, (min-width: 981px) 1024px, 100vw\" \/><\/a><\/figure>\n\n\n\n<figure class=\"wp-block-image size-large\"><a href=\"https:\/\/feuerwehr-vorau.at\/site\/wp-content\/uploads\/2025\/11\/08.jpeg\"><img loading=\"lazy\" loading=\"lazy\" decoding=\"async\" width=\"768\" height=\"1024\" data-id=\"5460\" src=\"https:\/\/feuerwehr-vorau.at\/site\/wp-content\/uploads\/2025\/11\/08-768x1024.jpeg\" alt=\"\" class=\"wp-image-5460\"\/><\/a><\/figure>\n\n\n\n<figure class=\"wp-block-image size-large\"><a href=\"https:\/\/feuerwehr-vorau.at\/site\/wp-content\/uploads\/2025\/11\/09.jpeg\"><img loading=\"lazy\" loading=\"lazy\" decoding=\"async\" width=\"1024\" height=\"768\" data-id=\"5461\" src=\"https:\/\/feuerwehr-vorau.at\/site\/wp-content\/uploads\/2025\/11\/09-1024x768.jpeg\" alt=\"\" class=\"wp-image-5461\" srcset=\"https:\/\/feuerwehr-vorau.at\/site\/wp-content\/uploads\/2025\/11\/09-980x735.jpeg 980w, https:\/\/feuerwehr-vorau.at\/site\/wp-content\/uploads\/2025\/11\/09-480x360.jpeg 480w\" sizes=\"(min-width: 0px) and (max-width: 480px) 480px, (min-width: 481px) and (max-width: 980px) 980px, (min-width: 981px) 1024px, 100vw\" \/><\/a><\/figure>\n\n\n\n<figure class=\"wp-block-image size-large\"><a href=\"https:\/\/feuerwehr-vorau.at\/site\/wp-content\/uploads\/2025\/11\/10.jpeg\"><img loading=\"lazy\" loading=\"lazy\" decoding=\"async\" width=\"768\" height=\"1024\" data-id=\"5454\" src=\"https:\/\/feuerwehr-vorau.at\/site\/wp-content\/uploads\/2025\/11\/10-768x1024.jpeg\" alt=\"\" class=\"wp-image-5454\"\/><\/a><\/figure>\n\n\n\n<figure class=\"wp-block-image size-large\"><a href=\"https:\/\/feuerwehr-vorau.at\/site\/wp-content\/uploads\/2025\/11\/11.jpeg\"><img loading=\"lazy\" loading=\"lazy\" decoding=\"async\" width=\"1024\" height=\"768\" data-id=\"5452\" src=\"https:\/\/feuerwehr-vorau.at\/site\/wp-content\/uploads\/2025\/11\/11-1024x768.jpeg\" alt=\"\" class=\"wp-image-5452\" srcset=\"https:\/\/feuerwehr-vorau.at\/site\/wp-content\/uploads\/2025\/11\/11-980x735.jpeg 980w, https:\/\/feuerwehr-vorau.at\/site\/wp-content\/uploads\/2025\/11\/11-480x360.jpeg 480w\" sizes=\"(min-width: 0px) and (max-width: 480px) 480px, (min-width: 481px) and (max-width: 980px) 980px, (min-width: 981px) 1024px, 100vw\" \/><\/a><\/figure>\n\n\n\n<figure class=\"wp-block-image size-large\"><a href=\"https:\/\/feuerwehr-vorau.at\/site\/wp-content\/uploads\/2025\/11\/12.jpeg\"><img loading=\"lazy\" loading=\"lazy\" decoding=\"async\" width=\"768\" height=\"1024\" data-id=\"5450\" src=\"https:\/\/feuerwehr-vorau.at\/site\/wp-content\/uploads\/2025\/11\/12-768x1024.jpeg\" alt=\"\" class=\"wp-image-5450\"\/><\/a><\/figure>\n\n\n\n<figure class=\"wp-block-image size-large\"><a href=\"https:\/\/feuerwehr-vorau.at\/site\/wp-content\/uploads\/2025\/11\/13.jpeg\"><img loading=\"lazy\" loading=\"lazy\" decoding=\"async\" width=\"1024\" height=\"768\" data-id=\"5453\" src=\"https:\/\/feuerwehr-vorau.at\/site\/wp-content\/uploads\/2025\/11\/13-1024x768.jpeg\" alt=\"\" class=\"wp-image-5453\" srcset=\"https:\/\/feuerwehr-vorau.at\/site\/wp-content\/uploads\/2025\/11\/13-980x735.jpeg 980w, https:\/\/feuerwehr-vorau.at\/site\/wp-content\/uploads\/2025\/11\/13-480x360.jpeg 480w\" sizes=\"(min-width: 0px) and (max-width: 480px) 480px, (min-width: 481px) and (max-width: 980px) 980px, (min-width: 981px) 1024px, 100vw\" \/><\/a><\/figure>\n<\/figure>\n","protected":false},"excerpt":{"rendered":"<p>Am Sonntag, dem 23.11.2025 wurden wir um 16:42Uhr mit Sirenenalarm zu einem Kellerbrand in den Ortsteil Puchegg gerufen. Wir r\u00fcckten umgehend zum ca. 6km entfernten Einsatzort aus. Noch am Weg dorthin, hat die Besatzung des HLF4 sowie des RLFA schweren Atemschutz aufgenommen. Parallel dazu, wurde auch unsere Nachbarfeuerwehr, die Feuerwehr P\u00f6llau alarmiert. Auch diese r\u00fcstete [&hellip;]<\/p>\n","protected":false},"author":3,"featured_media":5449,"comment_status":"open","ping_status":"open","sticky":false,"template":"","format":"standard","meta":{"_et_pb_use_builder":"off","_et_pb_old_content":"","_et_gb_content_width":"","inline_featured_image":false,"_vp_format_video_url":"","_vp_image_focal_point":[],"footnotes":""},"categories":[24],"tags":[],"class_list":["post-5448","post","type-post","status-publish","format-standard","has-post-thumbnail","hentry","category-einsaetze"],"_links":{"self":[{"href":"https:\/\/feuerwehr-vorau.at\/site\/wp-json\/wp\/v2\/posts\/5448","targetHints":{"allow":["GET"]}}],"collection":[{"href":"https:\/\/feuerwehr-vorau.at\/site\/wp-json\/wp\/v2\/posts"}],"about":[{"href":"https:\/\/feuerwehr-vorau.at\/site\/wp-json\/wp\/v2\/types\/post"}],"author":[{"embeddable":true,"href":"https:\/\/feuerwehr-vorau.at\/site\/wp-json\/wp\/v2\/users\/3"}],"replies":[{"embeddable":true,"href":"https:\/\/feuerwehr-vorau.at\/site\/wp-json\/wp\/v2\/comments?post=5448"}],"version-history":[{"count":3,"href":"https:\/\/feuerwehr-vorau.at\/site\/wp-json\/wp\/v2\/posts\/5448\/revisions"}],"predecessor-version":[{"id":5524,"href":"https:\/\/feuerwehr-vorau.at\/site\/wp-json\/wp\/v2\/posts\/5448\/revisions\/5524"}],"wp:featuredmedia":[{"embeddable":true,"href":"https:\/\/feuerwehr-vorau.at\/site\/wp-json\/wp\/v2\/media\/5449"}],"wp:attachment":[{"href":"https:\/\/feuerwehr-vorau.at\/site\/wp-json\/wp\/v2\/media?parent=5448"}],"wp:term":[{"taxonomy":"category","embeddable":true,"href":"https:\/\/feuerwehr-vorau.at\/site\/wp-json\/wp\/v2\/categories?post=5448"},{"taxonomy":"post_tag","embeddable":true,"href":"https:\/\/feuerwehr-vorau.at\/site\/wp-json\/wp\/v2\/tags?post=5448"}],"curies":[{"name":"wp","href":"https:\/\/api.w.org\/{rel}","templated":true}]}}