{"id":5441,"date":"2025-11-23T16:32:36","date_gmt":"2025-11-23T15:32:36","guid":{"rendered":"https:\/\/feuerwehr-vorau.at\/site\/?p=5441"},"modified":"2025-11-23T16:32:38","modified_gmt":"2025-11-23T15:32:38","slug":"funkleistungsabzeichen-fula-in-hartberg","status":"publish","type":"post","link":"https:\/\/feuerwehr-vorau.at\/site\/funkleistungsabzeichen-fula-in-hartberg\/","title":{"rendered":"Funkleistungsabzeichen (FULA) in Hartberg"},"content":{"rendered":"\n<p>Am Samstag dem 22.11.2025 fand in Hartberg der Bewerb um das Funkleistungsabzeichen in Bronze (FULA-B) statt.<\/p>\n\n\n\n<p>Nach einer rund zweimonatigen Vorbereitung stellten sich vier Kameradinnen und Kameraden aus Vorau dieser Pr\u00fcfung.<br>Beim Funkleistungsabzeichen werden im Stationsbetrieb sechs Stationen mit Aufgaben rund um den Feuerwehrfunk, welche T\u00e4tigkeiten w\u00e4hrend eines realen Feuerwehreinsatzes nachstellen, absolviert.<\/p>\n\n\n\n<ul class=\"wp-block-list\">\n<li>Station 1: Alarmabfrage<\/li>\n\n\n\n<li>Station 2: Einsatzsofortmeldung<\/li>\n\n\n\n<li>Station 3: Kartenkunde<\/li>\n\n\n\n<li>Station 4: Aufnehmen und Weiterleiten einer Nachricht, ohne schriftliche Aufzeichnungen<\/li>\n\n\n\n<li>Station 5: Reihenruf<\/li>\n\n\n\n<li>Station 6: Theoriefragen<\/li>\n<\/ul>\n\n\n\n<p>Alle unsere vier Teilnehmer konnten den Bewerb erfolgreich absolvieren und somit das Funkleistungsabzeichen in Bronze erringen. Wir gratulieren sehr herzlich:<\/p>\n\n\n\n<ul class=\"wp-block-list\">\n<li>OBI Herbert Gerngro\u00df<\/li>\n\n\n\n<li>FM Peter Haspl<\/li>\n\n\n\n<li>FF Chiara Kandlbauer<\/li>\n\n\n\n<li>FM Fabian Perl<\/li>\n<\/ul>\n\n\n\n<p>Ein gro\u00dfes Dankesch\u00f6n auch an unseren Funk-Beauftragten HLM Alfred Gerngro\u00df, f\u00fcr die gro\u00dfartige Vorbereitung unserer Teilnehmer.<\/p>\n\n\n\n<figure class=\"wp-block-gallery has-nested-images columns-default is-cropped wp-block-gallery-1 is-layout-flex wp-block-gallery-is-layout-flex\">\n<figure class=\"wp-block-image size-large\"><a href=\"https:\/\/feuerwehr-vorau.at\/site\/wp-content\/uploads\/2025\/11\/fulab_01.jpg\"><img fetchpriority=\"high\" fetchpriority=\"high\" decoding=\"async\" width=\"1024\" height=\"768\" data-id=\"5442\" src=\"https:\/\/feuerwehr-vorau.at\/site\/wp-content\/uploads\/2025\/11\/fulab_01.jpg\" alt=\"\" class=\"wp-image-5442\" srcset=\"https:\/\/feuerwehr-vorau.at\/site\/wp-content\/uploads\/2025\/11\/fulab_01.jpg 1024w, https:\/\/feuerwehr-vorau.at\/site\/wp-content\/uploads\/2025\/11\/fulab_01-980x735.jpg 980w, https:\/\/feuerwehr-vorau.at\/site\/wp-content\/uploads\/2025\/11\/fulab_01-480x360.jpg 480w\" sizes=\"(min-width: 0px) and (max-width: 480px) 480px, (min-width: 481px) and (max-width: 980px) 980px, (min-width: 981px) 1024px, 100vw\" \/><\/a><\/figure>\n<\/figure>\n","protected":false},"excerpt":{"rendered":"<p>Am Samstag dem 22.11.2025 fand in Hartberg der Bewerb um das Funkleistungsabzeichen in Bronze (FULA-B) statt. Nach einer rund zweimonatigen Vorbereitung stellten sich vier Kameradinnen und Kameraden aus Vorau dieser Pr\u00fcfung.Beim Funkleistungsabzeichen werden im Stationsbetrieb sechs Stationen mit Aufgaben rund um den Feuerwehrfunk, welche T\u00e4tigkeiten w\u00e4hrend eines realen Feuerwehreinsatzes nachstellen, absolviert. Alle unsere vier Teilnehmer [&hellip;]<\/p>\n","protected":false},"author":1,"featured_media":5442,"comment_status":"open","ping_status":"open","sticky":false,"template":"","format":"standard","meta":{"_et_pb_use_builder":"off","_et_pb_old_content":"<!-- wp:paragraph -->\n<p>Am Samstag dem 22.11.2025 fand in Hartberg der Bewerb um das Funkleistungsabzeichen in Bronze (FULA-B) statt.<\/p>\n<!-- \/wp:paragraph -->\n\n<!-- wp:paragraph -->\n<p>Nach einer rund zweimonatigen Vorbereitung stellten sich vier Kameradinnen und Kameraden aus Vorau dieser Pr\u00fcfung.<br>Beim Funkleistungsabzeichen werden im Stationsbetrieb sechs Stationen mit Aufgaben rund um den Feuerwehrfunk, welche T\u00e4tigkeiten w\u00e4hrend eines realen Feuerwehreinsatzes nachstellen, absolviert.<\/p>\n<!-- \/wp:paragraph -->\n\n<!-- wp:list -->\n<ul class=\"wp-block-list\"><!-- wp:list-item -->\n<li>Station 1: Alarmabfrage<\/li>\n<!-- \/wp:list-item -->\n\n<!-- wp:list-item -->\n<li>Station 2: Einsatzsofortmeldung<\/li>\n<!-- \/wp:list-item -->\n\n<!-- wp:list-item -->\n<li>Station 3: Kartenkunde<\/li>\n<!-- \/wp:list-item -->\n\n<!-- wp:list-item -->\n<li>Station 4: Aufnehmen und Weiterleiten einer Nachricht, ohne schriftliche Aufzeichnungen<\/li>\n<!-- \/wp:list-item -->\n\n<!-- wp:list-item -->\n<li>Station 5: Reihenruf<\/li>\n<!-- \/wp:list-item -->\n\n<!-- wp:list-item -->\n<li>Station 6: Theoriefragen<\/li>\n<!-- \/wp:list-item --><\/ul>\n<!-- \/wp:list -->\n\n<!-- wp:paragraph -->\n<p>Alle unsere vier Teilnehmer konnten den Bewerb erfolgreich absolvieren und somit das Funkleistungsabzeichen in Bronze erringen. Wir gratulieren sehr herzlich:<\/p>\n<!-- \/wp:paragraph -->\n\n<!-- wp:list -->\n<ul class=\"wp-block-list\"><!-- wp:list-item -->\n<li>OBI Herbert Gerngro\u00df<\/li>\n<!-- \/wp:list-item -->\n\n<!-- wp:list-item -->\n<li>FM Peter Haspl<\/li>\n<!-- \/wp:list-item -->\n\n<!-- wp:list-item -->\n<li>FF Chiara Kandlbauer<\/li>\n<!-- \/wp:list-item -->\n\n<!-- wp:list-item -->\n<li>FM Fabian Perl<\/li>\n<!-- \/wp:list-item --><\/ul>\n<!-- \/wp:list -->\n\n<!-- wp:paragraph -->\n<p>Ein gro\u00dfes Dankesch\u00f6n auch an unseren Funk-Beauftragten HLM Alfred Gerngro\u00df, f\u00fcr die gro\u00dfartige Vorbereitung unserer Teilnehmer.<\/p>\n<!-- \/wp:paragraph -->\n\n<!-- wp:gallery {\"linkTo\":\"media\"} -->\n<figure class=\"wp-block-gallery has-nested-images columns-default is-cropped\"><!-- wp:image {\"id\":5442,\"sizeSlug\":\"large\",\"linkDestination\":\"media\"} -->\n<figure class=\"wp-block-image size-large\"><a href=\"https:\/\/feuerwehr-vorau.at\/site\/wp-content\/uploads\/2025\/11\/fulab_01.jpg\"><img src=\"https:\/\/feuerwehr-vorau.at\/site\/wp-content\/uploads\/2025\/11\/fulab_01.jpg\" alt=\"\" class=\"wp-image-5442\"\/><\/a><\/figure>\n<!-- \/wp:image --><\/figure>\n<!-- \/wp:gallery -->","_et_gb_content_width":"","inline_featured_image":false,"_vp_format_video_url":"","_vp_image_focal_point":[],"footnotes":""},"categories":[26],"tags":[],"class_list":["post-5441","post","type-post","status-publish","format-standard","has-post-thumbnail","hentry","category-sonstiges"],"_links":{"self":[{"href":"https:\/\/feuerwehr-vorau.at\/site\/wp-json\/wp\/v2\/posts\/5441","targetHints":{"allow":["GET"]}}],"collection":[{"href":"https:\/\/feuerwehr-vorau.at\/site\/wp-json\/wp\/v2\/posts"}],"about":[{"href":"https:\/\/feuerwehr-vorau.at\/site\/wp-json\/wp\/v2\/types\/post"}],"author":[{"embeddable":true,"href":"https:\/\/feuerwehr-vorau.at\/site\/wp-json\/wp\/v2\/users\/1"}],"replies":[{"embeddable":true,"href":"https:\/\/feuerwehr-vorau.at\/site\/wp-json\/wp\/v2\/comments?post=5441"}],"version-history":[{"count":2,"href":"https:\/\/feuerwehr-vorau.at\/site\/wp-json\/wp\/v2\/posts\/5441\/revisions"}],"predecessor-version":[{"id":5444,"href":"https:\/\/feuerwehr-vorau.at\/site\/wp-json\/wp\/v2\/posts\/5441\/revisions\/5444"}],"wp:featuredmedia":[{"embeddable":true,"href":"https:\/\/feuerwehr-vorau.at\/site\/wp-json\/wp\/v2\/media\/5442"}],"wp:attachment":[{"href":"https:\/\/feuerwehr-vorau.at\/site\/wp-json\/wp\/v2\/media?parent=5441"}],"wp:term":[{"taxonomy":"category","embeddable":true,"href":"https:\/\/feuerwehr-vorau.at\/site\/wp-json\/wp\/v2\/categories?post=5441"},{"taxonomy":"post_tag","embeddable":true,"href":"https:\/\/feuerwehr-vorau.at\/site\/wp-json\/wp\/v2\/tags?post=5441"}],"curies":[{"name":"wp","href":"https:\/\/api.w.org\/{rel}","templated":true}]}}