{"id":5414,"date":"2025-11-09T09:03:19","date_gmt":"2025-11-09T08:03:19","guid":{"rendered":"https:\/\/feuerwehr-vorau.at\/site\/?p=5414"},"modified":"2025-11-09T09:04:38","modified_gmt":"2025-11-09T08:04:38","slug":"traktorbergung-in-schachen-2","status":"publish","type":"post","link":"https:\/\/feuerwehr-vorau.at\/site\/traktorbergung-in-schachen-2\/","title":{"rendered":"Traktorbergung in Schachen"},"content":{"rendered":"\n<p>Am Samstag, dem 09.11.2025 wurden wir um 15:04 Uhr mit Stillem Alarm zu einer Traktorbergung in den Ortsteil Schachen alarmiert. Das RLFA und der LKWA r\u00fcckten nach wenigen Minuten mit 13 Mann\/Frau zum Einsatz aus.<\/p>\n\n\n\n<p>Ein Landwirt war mit seinem Traktor in der N\u00e4he eines Baches im Matsch stecken geblieben. Nachdem hier auch die Zufahrt mit unseren Einsatzfahrzeugen nicht gegeben war, wurde entschieden, den Traktor mittels Greifzug aus dem Graben zu ziehen.<\/p>\n\n\n\n<p>Nach ca. 1h schwei\u00dftreibender Anstrengungen war das Fahrzeug geborgen und wir konnten wieder ins R\u00fcsthaus einr\u00fccken.<\/p>\n\n\n\n<figure class=\"wp-block-gallery has-nested-images columns-default is-cropped wp-block-gallery-1 is-layout-flex wp-block-gallery-is-layout-flex\">\n<figure class=\"wp-block-image size-large\"><a href=\"https:\/\/feuerwehr-vorau.at\/site\/wp-content\/uploads\/2025\/11\/traktor_02.jpg\"><img fetchpriority=\"high\" fetchpriority=\"high\" decoding=\"async\" width=\"1024\" height=\"768\" data-id=\"5418\" src=\"https:\/\/feuerwehr-vorau.at\/site\/wp-content\/uploads\/2025\/11\/traktor_02-1024x768.jpg\" alt=\"\" class=\"wp-image-5418\" srcset=\"https:\/\/feuerwehr-vorau.at\/site\/wp-content\/uploads\/2025\/11\/traktor_02-980x735.jpg 980w, https:\/\/feuerwehr-vorau.at\/site\/wp-content\/uploads\/2025\/11\/traktor_02-480x360.jpg 480w\" sizes=\"(min-width: 0px) and (max-width: 480px) 480px, (min-width: 481px) and (max-width: 980px) 980px, (min-width: 981px) 1024px, 100vw\" \/><\/a><\/figure>\n\n\n\n<figure class=\"wp-block-image size-large\"><a href=\"https:\/\/feuerwehr-vorau.at\/site\/wp-content\/uploads\/2025\/11\/traktor_03.jpg\"><img decoding=\"async\" width=\"1024\" height=\"768\" data-id=\"5419\" src=\"https:\/\/feuerwehr-vorau.at\/site\/wp-content\/uploads\/2025\/11\/traktor_03-1024x768.jpg\" alt=\"\" class=\"wp-image-5419\" srcset=\"https:\/\/feuerwehr-vorau.at\/site\/wp-content\/uploads\/2025\/11\/traktor_03-980x735.jpg 980w, https:\/\/feuerwehr-vorau.at\/site\/wp-content\/uploads\/2025\/11\/traktor_03-480x360.jpg 480w\" sizes=\"(min-width: 0px) and (max-width: 480px) 480px, (min-width: 481px) and (max-width: 980px) 980px, (min-width: 981px) 1024px, 100vw\" \/><\/a><\/figure>\n\n\n\n<figure class=\"wp-block-image size-large\"><a href=\"https:\/\/feuerwehr-vorau.at\/site\/wp-content\/uploads\/2025\/11\/traktor_01.jpg\"><img decoding=\"async\" width=\"750\" height=\"562\" data-id=\"5415\" src=\"https:\/\/feuerwehr-vorau.at\/site\/wp-content\/uploads\/2025\/11\/traktor_01.jpg\" alt=\"\" class=\"wp-image-5415\" srcset=\"https:\/\/feuerwehr-vorau.at\/site\/wp-content\/uploads\/2025\/11\/traktor_01.jpg 750w, https:\/\/feuerwehr-vorau.at\/site\/wp-content\/uploads\/2025\/11\/traktor_01-480x360.jpg 480w\" sizes=\"(min-width: 0px) and (max-width: 480px) 480px, (min-width: 481px) 750px, 100vw\" \/><\/a><\/figure>\n\n\n\n<figure class=\"wp-block-image size-large\"><a href=\"https:\/\/feuerwehr-vorau.at\/site\/wp-content\/uploads\/2025\/11\/traktor_05.jpg\"><img loading=\"lazy\" loading=\"lazy\" decoding=\"async\" width=\"1024\" height=\"768\" data-id=\"5420\" src=\"https:\/\/feuerwehr-vorau.at\/site\/wp-content\/uploads\/2025\/11\/traktor_05-1024x768.jpg\" alt=\"\" class=\"wp-image-5420\" srcset=\"https:\/\/feuerwehr-vorau.at\/site\/wp-content\/uploads\/2025\/11\/traktor_05-980x735.jpg 980w, https:\/\/feuerwehr-vorau.at\/site\/wp-content\/uploads\/2025\/11\/traktor_05-480x360.jpg 480w\" sizes=\"(min-width: 0px) and (max-width: 480px) 480px, (min-width: 481px) and (max-width: 980px) 980px, (min-width: 981px) 1024px, 100vw\" \/><\/a><\/figure>\n\n\n\n<figure class=\"wp-block-image size-large\"><a href=\"https:\/\/feuerwehr-vorau.at\/site\/wp-content\/uploads\/2025\/11\/traktor_06.jpg\"><img loading=\"lazy\" loading=\"lazy\" decoding=\"async\" width=\"750\" height=\"562\" data-id=\"5416\" src=\"https:\/\/feuerwehr-vorau.at\/site\/wp-content\/uploads\/2025\/11\/traktor_06.jpg\" alt=\"\" class=\"wp-image-5416\" srcset=\"https:\/\/feuerwehr-vorau.at\/site\/wp-content\/uploads\/2025\/11\/traktor_06.jpg 750w, https:\/\/feuerwehr-vorau.at\/site\/wp-content\/uploads\/2025\/11\/traktor_06-480x360.jpg 480w\" sizes=\"(min-width: 0px) and (max-width: 480px) 480px, (min-width: 481px) 750px, 100vw\" \/><\/a><\/figure>\n\n\n\n<figure class=\"wp-block-image size-large\"><a href=\"https:\/\/feuerwehr-vorau.at\/site\/wp-content\/uploads\/2025\/11\/traktor_04.jpg\"><img loading=\"lazy\" loading=\"lazy\" decoding=\"async\" width=\"1024\" height=\"768\" data-id=\"5417\" src=\"https:\/\/feuerwehr-vorau.at\/site\/wp-content\/uploads\/2025\/11\/traktor_04-1024x768.jpg\" alt=\"\" class=\"wp-image-5417\" srcset=\"https:\/\/feuerwehr-vorau.at\/site\/wp-content\/uploads\/2025\/11\/traktor_04-980x735.jpg 980w, https:\/\/feuerwehr-vorau.at\/site\/wp-content\/uploads\/2025\/11\/traktor_04-480x360.jpg 480w\" sizes=\"(min-width: 0px) and (max-width: 480px) 480px, (min-width: 481px) and (max-width: 980px) 980px, (min-width: 981px) 1024px, 100vw\" \/><\/a><\/figure>\n\n\n\n<figure class=\"wp-block-image size-large\"><a href=\"https:\/\/feuerwehr-vorau.at\/site\/wp-content\/uploads\/2025\/11\/traktor_07.jpg\"><img loading=\"lazy\" loading=\"lazy\" decoding=\"async\" width=\"750\" height=\"562\" data-id=\"5421\" src=\"https:\/\/feuerwehr-vorau.at\/site\/wp-content\/uploads\/2025\/11\/traktor_07.jpg\" alt=\"\" class=\"wp-image-5421\" srcset=\"https:\/\/feuerwehr-vorau.at\/site\/wp-content\/uploads\/2025\/11\/traktor_07.jpg 750w, https:\/\/feuerwehr-vorau.at\/site\/wp-content\/uploads\/2025\/11\/traktor_07-480x360.jpg 480w\" sizes=\"(min-width: 0px) and (max-width: 480px) 480px, (min-width: 481px) 750px, 100vw\" \/><\/a><\/figure>\n\n\n\n<figure class=\"wp-block-image size-large\"><a href=\"https:\/\/feuerwehr-vorau.at\/site\/wp-content\/uploads\/2025\/11\/traktor_08.jpg\"><img loading=\"lazy\" loading=\"lazy\" decoding=\"async\" width=\"1024\" height=\"768\" data-id=\"5422\" src=\"https:\/\/feuerwehr-vorau.at\/site\/wp-content\/uploads\/2025\/11\/traktor_08-1024x768.jpg\" alt=\"\" class=\"wp-image-5422\" srcset=\"https:\/\/feuerwehr-vorau.at\/site\/wp-content\/uploads\/2025\/11\/traktor_08-980x735.jpg 980w, https:\/\/feuerwehr-vorau.at\/site\/wp-content\/uploads\/2025\/11\/traktor_08-480x360.jpg 480w\" sizes=\"(min-width: 0px) and (max-width: 480px) 480px, (min-width: 481px) and (max-width: 980px) 980px, (min-width: 981px) 1024px, 100vw\" \/><\/a><\/figure>\n<\/figure>\n\n\n\n<p><\/p>\n","protected":false},"excerpt":{"rendered":"<p>Am Samstag, dem 09.11.2025 wurden wir um 15:04 Uhr mit Stillem Alarm zu einer Traktorbergung in den Ortsteil Schachen alarmiert. Das RLFA und der LKWA r\u00fcckten nach wenigen Minuten mit 13 Mann\/Frau zum Einsatz aus. Ein Landwirt war mit seinem Traktor in der N\u00e4he eines Baches im Matsch stecken geblieben. Nachdem hier auch die Zufahrt [&hellip;]<\/p>\n","protected":false},"author":1,"featured_media":5418,"comment_status":"open","ping_status":"open","sticky":false,"template":"","format":"standard","meta":{"_et_pb_use_builder":"off","_et_pb_old_content":"","_et_gb_content_width":"","inline_featured_image":false,"_vp_format_video_url":"","_vp_image_focal_point":[],"footnotes":""},"categories":[24],"tags":[],"class_list":["post-5414","post","type-post","status-publish","format-standard","has-post-thumbnail","hentry","category-einsaetze"],"_links":{"self":[{"href":"https:\/\/feuerwehr-vorau.at\/site\/wp-json\/wp\/v2\/posts\/5414","targetHints":{"allow":["GET"]}}],"collection":[{"href":"https:\/\/feuerwehr-vorau.at\/site\/wp-json\/wp\/v2\/posts"}],"about":[{"href":"https:\/\/feuerwehr-vorau.at\/site\/wp-json\/wp\/v2\/types\/post"}],"author":[{"embeddable":true,"href":"https:\/\/feuerwehr-vorau.at\/site\/wp-json\/wp\/v2\/users\/1"}],"replies":[{"embeddable":true,"href":"https:\/\/feuerwehr-vorau.at\/site\/wp-json\/wp\/v2\/comments?post=5414"}],"version-history":[{"count":2,"href":"https:\/\/feuerwehr-vorau.at\/site\/wp-json\/wp\/v2\/posts\/5414\/revisions"}],"predecessor-version":[{"id":5424,"href":"https:\/\/feuerwehr-vorau.at\/site\/wp-json\/wp\/v2\/posts\/5414\/revisions\/5424"}],"wp:featuredmedia":[{"embeddable":true,"href":"https:\/\/feuerwehr-vorau.at\/site\/wp-json\/wp\/v2\/media\/5418"}],"wp:attachment":[{"href":"https:\/\/feuerwehr-vorau.at\/site\/wp-json\/wp\/v2\/media?parent=5414"}],"wp:term":[{"taxonomy":"category","embeddable":true,"href":"https:\/\/feuerwehr-vorau.at\/site\/wp-json\/wp\/v2\/categories?post=5414"},{"taxonomy":"post_tag","embeddable":true,"href":"https:\/\/feuerwehr-vorau.at\/site\/wp-json\/wp\/v2\/tags?post=5414"}],"curies":[{"name":"wp","href":"https:\/\/api.w.org\/{rel}","templated":true}]}}