{"id":5310,"date":"2025-10-11T18:03:06","date_gmt":"2025-10-11T16:03:06","guid":{"rendered":"https:\/\/feuerwehr-vorau.at\/site\/?p=5310"},"modified":"2025-10-11T18:03:58","modified_gmt":"2025-10-11T16:03:58","slug":"khd-uebung-im-bezirk-weiz","status":"publish","type":"post","link":"https:\/\/feuerwehr-vorau.at\/site\/khd-uebung-im-bezirk-weiz\/","title":{"rendered":"KHD &#8211; \u00dcbung im Bezirk Weiz"},"content":{"rendered":"\n<p>Am Samstag, dem 11.10.2025 fand in den Gemeinden Sankt Kathrein am Hauenstein und Ratten die \u00dcbung des Katastrophenhilfsdienstes (KHD) Weiz statt. Auch die Feuerwehr Vorau nahm mit dem HLF 4 und 5 Mann an der \u00dcbung teil.<\/p>\n\n\n\n<p>\u00dcbungsannahme war ein Waldbrand im Bereich &#8222;Windpark Steinriegel&#8220; auf der Pretul Alpe.<br>Die Feuerwehren Dechantskirchen, Eichberg, G\u00f6tzendorf, Pinggau, P\u00f6llau, Lafnitz, Rohrbach\/Lafnitz, Sankt Jakob\/Walde, Sinnersdorf und Vorau mussten dabei gemeinsam, als &#8222;TLF-Zug Nord&#8220;, eine Wasserversorgung mittels TLF-Pendelverkehr zur Unterst\u00fctzung der Weizer Waldbrand-Einheiten herstellen.<\/p>\n\n\n\n<p>Bei strahlendem Sonnenschein aber heftigen Windb\u00f6en auf der Pretul konnten wir den Einsatz erfolgreich durchf\u00fchren. Danke an alle \u00dcbungsteilnehmer und f\u00fcr die gute Zusammenarbeit der KHD Einheiten Weiz und Hartberg.<\/p>\n\n\n\n<figure class=\"wp-block-gallery has-nested-images columns-default is-cropped wp-block-gallery-1 is-layout-flex wp-block-gallery-is-layout-flex\">\n<figure class=\"wp-block-image size-large\"><a href=\"https:\/\/feuerwehr-vorau.at\/site\/wp-content\/uploads\/2025\/10\/khd_wz_01_1280x.jpg\"><img fetchpriority=\"high\" fetchpriority=\"high\" decoding=\"async\" width=\"1024\" height=\"768\" data-id=\"5313\" src=\"https:\/\/feuerwehr-vorau.at\/site\/wp-content\/uploads\/2025\/10\/khd_wz_01_1280x-1024x768.jpg\" alt=\"\" class=\"wp-image-5313\" srcset=\"https:\/\/feuerwehr-vorau.at\/site\/wp-content\/uploads\/2025\/10\/khd_wz_01_1280x-1024x768.jpg 1024w, https:\/\/feuerwehr-vorau.at\/site\/wp-content\/uploads\/2025\/10\/khd_wz_01_1280x-980x735.jpg 980w, https:\/\/feuerwehr-vorau.at\/site\/wp-content\/uploads\/2025\/10\/khd_wz_01_1280x-480x360.jpg 480w\" sizes=\"(min-width: 0px) and (max-width: 480px) 480px, (min-width: 481px) and (max-width: 980px) 980px, (min-width: 981px) 1024px, 100vw\" \/><\/a><\/figure>\n\n\n\n<figure class=\"wp-block-image size-large\"><a href=\"https:\/\/feuerwehr-vorau.at\/site\/wp-content\/uploads\/2025\/10\/khd_wz_02_1280x.jpg\"><img decoding=\"async\" width=\"1024\" height=\"768\" data-id=\"5316\" src=\"https:\/\/feuerwehr-vorau.at\/site\/wp-content\/uploads\/2025\/10\/khd_wz_02_1280x-1024x768.jpg\" alt=\"\" class=\"wp-image-5316\" srcset=\"https:\/\/feuerwehr-vorau.at\/site\/wp-content\/uploads\/2025\/10\/khd_wz_02_1280x-1024x768.jpg 1024w, https:\/\/feuerwehr-vorau.at\/site\/wp-content\/uploads\/2025\/10\/khd_wz_02_1280x-980x735.jpg 980w, https:\/\/feuerwehr-vorau.at\/site\/wp-content\/uploads\/2025\/10\/khd_wz_02_1280x-480x360.jpg 480w\" sizes=\"(min-width: 0px) and (max-width: 480px) 480px, (min-width: 481px) and (max-width: 980px) 980px, (min-width: 981px) 1024px, 100vw\" \/><\/a><\/figure>\n\n\n\n<figure class=\"wp-block-image size-large\"><a href=\"https:\/\/feuerwehr-vorau.at\/site\/wp-content\/uploads\/2025\/10\/khd_wz_03_1280x.jpg\"><img decoding=\"async\" width=\"1024\" height=\"768\" data-id=\"5314\" src=\"https:\/\/feuerwehr-vorau.at\/site\/wp-content\/uploads\/2025\/10\/khd_wz_03_1280x-1024x768.jpg\" alt=\"\" class=\"wp-image-5314\" srcset=\"https:\/\/feuerwehr-vorau.at\/site\/wp-content\/uploads\/2025\/10\/khd_wz_03_1280x-1024x768.jpg 1024w, https:\/\/feuerwehr-vorau.at\/site\/wp-content\/uploads\/2025\/10\/khd_wz_03_1280x-980x735.jpg 980w, https:\/\/feuerwehr-vorau.at\/site\/wp-content\/uploads\/2025\/10\/khd_wz_03_1280x-480x360.jpg 480w\" sizes=\"(min-width: 0px) and (max-width: 480px) 480px, (min-width: 481px) and (max-width: 980px) 980px, (min-width: 981px) 1024px, 100vw\" \/><\/a><\/figure>\n\n\n\n<figure class=\"wp-block-image size-large\"><a href=\"https:\/\/feuerwehr-vorau.at\/site\/wp-content\/uploads\/2025\/10\/khd_wz_04_1280x.jpg\"><img loading=\"lazy\" loading=\"lazy\" decoding=\"async\" width=\"1024\" height=\"768\" data-id=\"5317\" src=\"https:\/\/feuerwehr-vorau.at\/site\/wp-content\/uploads\/2025\/10\/khd_wz_04_1280x-1024x768.jpg\" alt=\"\" class=\"wp-image-5317\" srcset=\"https:\/\/feuerwehr-vorau.at\/site\/wp-content\/uploads\/2025\/10\/khd_wz_04_1280x-1024x768.jpg 1024w, https:\/\/feuerwehr-vorau.at\/site\/wp-content\/uploads\/2025\/10\/khd_wz_04_1280x-980x735.jpg 980w, https:\/\/feuerwehr-vorau.at\/site\/wp-content\/uploads\/2025\/10\/khd_wz_04_1280x-480x360.jpg 480w\" sizes=\"(min-width: 0px) and (max-width: 480px) 480px, (min-width: 481px) and (max-width: 980px) 980px, (min-width: 981px) 1024px, 100vw\" \/><\/a><\/figure>\n\n\n\n<figure class=\"wp-block-image size-large\"><a href=\"https:\/\/feuerwehr-vorau.at\/site\/wp-content\/uploads\/2025\/10\/khd_wz_05_1280x.jpg\"><img loading=\"lazy\" loading=\"lazy\" decoding=\"async\" width=\"1024\" height=\"768\" data-id=\"5312\" src=\"https:\/\/feuerwehr-vorau.at\/site\/wp-content\/uploads\/2025\/10\/khd_wz_05_1280x-1024x768.jpg\" alt=\"\" class=\"wp-image-5312\" srcset=\"https:\/\/feuerwehr-vorau.at\/site\/wp-content\/uploads\/2025\/10\/khd_wz_05_1280x-1024x768.jpg 1024w, https:\/\/feuerwehr-vorau.at\/site\/wp-content\/uploads\/2025\/10\/khd_wz_05_1280x-980x735.jpg 980w, https:\/\/feuerwehr-vorau.at\/site\/wp-content\/uploads\/2025\/10\/khd_wz_05_1280x-480x360.jpg 480w\" sizes=\"(min-width: 0px) and (max-width: 480px) 480px, (min-width: 481px) and (max-width: 980px) 980px, (min-width: 981px) 1024px, 100vw\" \/><\/a><\/figure>\n\n\n\n<figure class=\"wp-block-image size-large\"><a href=\"https:\/\/feuerwehr-vorau.at\/site\/wp-content\/uploads\/2025\/10\/khd_wz_06_1280x.jpg\"><img loading=\"lazy\" loading=\"lazy\" decoding=\"async\" width=\"1024\" height=\"768\" data-id=\"5311\" src=\"https:\/\/feuerwehr-vorau.at\/site\/wp-content\/uploads\/2025\/10\/khd_wz_06_1280x-1024x768.jpg\" alt=\"\" class=\"wp-image-5311\" srcset=\"https:\/\/feuerwehr-vorau.at\/site\/wp-content\/uploads\/2025\/10\/khd_wz_06_1280x-1024x768.jpg 1024w, https:\/\/feuerwehr-vorau.at\/site\/wp-content\/uploads\/2025\/10\/khd_wz_06_1280x-980x735.jpg 980w, https:\/\/feuerwehr-vorau.at\/site\/wp-content\/uploads\/2025\/10\/khd_wz_06_1280x-480x360.jpg 480w\" sizes=\"(min-width: 0px) and (max-width: 480px) 480px, (min-width: 481px) and (max-width: 980px) 980px, (min-width: 981px) 1024px, 100vw\" \/><\/a><\/figure>\n\n\n\n<figure class=\"wp-block-image size-large\"><a href=\"https:\/\/feuerwehr-vorau.at\/site\/wp-content\/uploads\/2025\/10\/khd_wz_07_1280x.jpg\"><img loading=\"lazy\" loading=\"lazy\" decoding=\"async\" width=\"1024\" height=\"768\" data-id=\"5315\" src=\"https:\/\/feuerwehr-vorau.at\/site\/wp-content\/uploads\/2025\/10\/khd_wz_07_1280x-1024x768.jpg\" alt=\"\" class=\"wp-image-5315\" srcset=\"https:\/\/feuerwehr-vorau.at\/site\/wp-content\/uploads\/2025\/10\/khd_wz_07_1280x-1024x768.jpg 1024w, https:\/\/feuerwehr-vorau.at\/site\/wp-content\/uploads\/2025\/10\/khd_wz_07_1280x-980x735.jpg 980w, https:\/\/feuerwehr-vorau.at\/site\/wp-content\/uploads\/2025\/10\/khd_wz_07_1280x-480x360.jpg 480w\" sizes=\"(min-width: 0px) and (max-width: 480px) 480px, (min-width: 481px) and (max-width: 980px) 980px, (min-width: 981px) 1024px, 100vw\" \/><\/a><\/figure>\n\n\n\n<figure class=\"wp-block-image size-large\"><a href=\"https:\/\/feuerwehr-vorau.at\/site\/wp-content\/uploads\/2025\/10\/khd_wz_08_1280x.jpg\"><img loading=\"lazy\" loading=\"lazy\" decoding=\"async\" width=\"1024\" height=\"768\" data-id=\"5318\" src=\"https:\/\/feuerwehr-vorau.at\/site\/wp-content\/uploads\/2025\/10\/khd_wz_08_1280x-1024x768.jpg\" alt=\"\" class=\"wp-image-5318\" srcset=\"https:\/\/feuerwehr-vorau.at\/site\/wp-content\/uploads\/2025\/10\/khd_wz_08_1280x-1024x768.jpg 1024w, https:\/\/feuerwehr-vorau.at\/site\/wp-content\/uploads\/2025\/10\/khd_wz_08_1280x-980x735.jpg 980w, https:\/\/feuerwehr-vorau.at\/site\/wp-content\/uploads\/2025\/10\/khd_wz_08_1280x-480x360.jpg 480w\" sizes=\"(min-width: 0px) and (max-width: 480px) 480px, (min-width: 481px) and (max-width: 980px) 980px, (min-width: 981px) 1024px, 100vw\" \/><\/a><\/figure>\n\n\n\n<figure class=\"wp-block-image size-large\"><a href=\"https:\/\/feuerwehr-vorau.at\/site\/wp-content\/uploads\/2025\/10\/khd_wz_09_1280x.jpg\"><img loading=\"lazy\" loading=\"lazy\" decoding=\"async\" width=\"1024\" height=\"768\" data-id=\"5320\" src=\"https:\/\/feuerwehr-vorau.at\/site\/wp-content\/uploads\/2025\/10\/khd_wz_09_1280x-1024x768.jpg\" alt=\"\" class=\"wp-image-5320\" srcset=\"https:\/\/feuerwehr-vorau.at\/site\/wp-content\/uploads\/2025\/10\/khd_wz_09_1280x-1024x768.jpg 1024w, https:\/\/feuerwehr-vorau.at\/site\/wp-content\/uploads\/2025\/10\/khd_wz_09_1280x-980x735.jpg 980w, https:\/\/feuerwehr-vorau.at\/site\/wp-content\/uploads\/2025\/10\/khd_wz_09_1280x-480x360.jpg 480w\" sizes=\"(min-width: 0px) and (max-width: 480px) 480px, (min-width: 481px) and (max-width: 980px) 980px, (min-width: 981px) 1024px, 100vw\" \/><\/a><\/figure>\n\n\n\n<figure class=\"wp-block-image size-large\"><a href=\"https:\/\/feuerwehr-vorau.at\/site\/wp-content\/uploads\/2025\/10\/khd_wz_10_1280x.jpg\"><img loading=\"lazy\" loading=\"lazy\" decoding=\"async\" width=\"1024\" height=\"768\" data-id=\"5319\" src=\"https:\/\/feuerwehr-vorau.at\/site\/wp-content\/uploads\/2025\/10\/khd_wz_10_1280x-1024x768.jpg\" alt=\"\" class=\"wp-image-5319\" srcset=\"https:\/\/feuerwehr-vorau.at\/site\/wp-content\/uploads\/2025\/10\/khd_wz_10_1280x-1024x768.jpg 1024w, https:\/\/feuerwehr-vorau.at\/site\/wp-content\/uploads\/2025\/10\/khd_wz_10_1280x-980x735.jpg 980w, https:\/\/feuerwehr-vorau.at\/site\/wp-content\/uploads\/2025\/10\/khd_wz_10_1280x-480x360.jpg 480w\" sizes=\"(min-width: 0px) and (max-width: 480px) 480px, (min-width: 481px) and (max-width: 980px) 980px, (min-width: 981px) 1024px, 100vw\" \/><\/a><\/figure>\n<\/figure>\n","protected":false},"excerpt":{"rendered":"<p>Am Samstag, dem 11.10.2025 fand in den Gemeinden Sankt Kathrein am Hauenstein und Ratten die \u00dcbung des Katastrophenhilfsdienstes (KHD) Weiz statt. Auch die Feuerwehr Vorau nahm mit dem HLF 4 und 5 Mann an der \u00dcbung teil. \u00dcbungsannahme war ein Waldbrand im Bereich &#8222;Windpark Steinriegel&#8220; auf der Pretul Alpe.Die Feuerwehren Dechantskirchen, Eichberg, G\u00f6tzendorf, Pinggau, P\u00f6llau, [&hellip;]<\/p>\n","protected":false},"author":1,"featured_media":5314,"comment_status":"open","ping_status":"open","sticky":false,"template":"","format":"standard","meta":{"_et_pb_use_builder":"off","_et_pb_old_content":"","_et_gb_content_width":"","inline_featured_image":false,"_vp_format_video_url":"","_vp_image_focal_point":[],"footnotes":""},"categories":[25],"tags":[],"class_list":["post-5310","post","type-post","status-publish","format-standard","has-post-thumbnail","hentry","category-uebungen"],"_links":{"self":[{"href":"https:\/\/feuerwehr-vorau.at\/site\/wp-json\/wp\/v2\/posts\/5310","targetHints":{"allow":["GET"]}}],"collection":[{"href":"https:\/\/feuerwehr-vorau.at\/site\/wp-json\/wp\/v2\/posts"}],"about":[{"href":"https:\/\/feuerwehr-vorau.at\/site\/wp-json\/wp\/v2\/types\/post"}],"author":[{"embeddable":true,"href":"https:\/\/feuerwehr-vorau.at\/site\/wp-json\/wp\/v2\/users\/1"}],"replies":[{"embeddable":true,"href":"https:\/\/feuerwehr-vorau.at\/site\/wp-json\/wp\/v2\/comments?post=5310"}],"version-history":[{"count":2,"href":"https:\/\/feuerwehr-vorau.at\/site\/wp-json\/wp\/v2\/posts\/5310\/revisions"}],"predecessor-version":[{"id":5322,"href":"https:\/\/feuerwehr-vorau.at\/site\/wp-json\/wp\/v2\/posts\/5310\/revisions\/5322"}],"wp:featuredmedia":[{"embeddable":true,"href":"https:\/\/feuerwehr-vorau.at\/site\/wp-json\/wp\/v2\/media\/5314"}],"wp:attachment":[{"href":"https:\/\/feuerwehr-vorau.at\/site\/wp-json\/wp\/v2\/media?parent=5310"}],"wp:term":[{"taxonomy":"category","embeddable":true,"href":"https:\/\/feuerwehr-vorau.at\/site\/wp-json\/wp\/v2\/categories?post=5310"},{"taxonomy":"post_tag","embeddable":true,"href":"https:\/\/feuerwehr-vorau.at\/site\/wp-json\/wp\/v2\/tags?post=5310"}],"curies":[{"name":"wp","href":"https:\/\/api.w.org\/{rel}","templated":true}]}}