{"id":5086,"date":"2025-07-14T20:46:24","date_gmt":"2025-07-14T18:46:24","guid":{"rendered":"https:\/\/feuerwehr-vorau.at\/site\/?p=5086"},"modified":"2025-07-14T20:46:25","modified_gmt":"2025-07-14T18:46:25","slug":"zugsuebung-juli-3","status":"publish","type":"post","link":"https:\/\/feuerwehr-vorau.at\/site\/zugsuebung-juli-3\/","title":{"rendered":"Zugs\u00fcbung Juli"},"content":{"rendered":"\n<p>Am Samstag, dem 12.07.2025 fand unsere monatliche Zugs\u00fcbung statt. Bei einem landwirtschaftlichen Anwesen im Ortsteil Riegersberg wurde gemeinsam mit unseren Kameraden der Freiwilligen Feuerwehr M\u00f6nichwald ein Brand eines Nebengeb\u00e4udes simuliert.<\/p>\n\n\n\n<p>Nach der Erkundung durch unsere Einsatzleiter BM Markus Knapp wurde unter dem Einsatz von schwerem Atemschutz eine Menschenrettung aus einer Werkst\u00e4tte durchgef\u00fchrt. Nachdem die vermisste Person durch unsere HLF4 Besatzung rasch gefunden und gerettet werden konnte, wurde durch den Trupp der Feuerwehr M\u00f6nichwald die Entl\u00fcftung des Geb\u00e4udes vorangetrieben.<\/p>\n\n\n\n<p>Parallel wurde rund um das Anwesen die Brandbek\u00e4mpfung durchgef\u00fchrt. Zur Sicherung des angrenzenden Wirtschaftsgeb\u00e4udes wurde auch das Hydroschild aufgebaut.<\/p>\n\n\n\n<p>Die Mannschaft unseres LKWA stellte in der Zwischenzeit die L\u00f6schwasserversorgung sicher. Dazu wurde ein Hydrant als Bezugsquelle identifiziert und eine knapp 300m lange Zubringeleitung verlegt. Zu \u00dcbungszwecken wurde auch unsere Tragkraftspritze im Relaisbetrieb eingebaut. Wir bedanken uns nochmals herzlich bei unseren Kameraden von der Feuerwehr M\u00f6nichwald f\u00fcr die gemeinsame \u00dcbung sowie beim Besitzer f\u00fcr die Zurverf\u00fcgungstellung des Objektes und die anschlie\u00dfende Verpflegung.<\/p>\n\n\n\n<figure class=\"wp-block-gallery has-nested-images columns-default is-cropped wp-block-gallery-1 is-layout-flex wp-block-gallery-is-layout-flex\">\n<figure class=\"wp-block-image size-large\"><a href=\"https:\/\/feuerwehr-vorau.at\/site\/wp-content\/uploads\/2025\/07\/WhatsApp-Image-2025-07-12-at-18.51.10.jpeg\"><img fetchpriority=\"high\" fetchpriority=\"high\" decoding=\"async\" width=\"768\" height=\"1024\" data-id=\"5088\" src=\"https:\/\/feuerwehr-vorau.at\/site\/wp-content\/uploads\/2025\/07\/WhatsApp-Image-2025-07-12-at-18.51.10-768x1024.jpeg\" alt=\"\" class=\"wp-image-5088\"\/><\/a><\/figure>\n\n\n\n<figure class=\"wp-block-image size-large\"><a href=\"https:\/\/feuerwehr-vorau.at\/site\/wp-content\/uploads\/2025\/07\/WhatsApp-Image-2025-07-12-at-18.51.11.jpeg\"><img decoding=\"async\" width=\"768\" height=\"1024\" data-id=\"5089\" src=\"https:\/\/feuerwehr-vorau.at\/site\/wp-content\/uploads\/2025\/07\/WhatsApp-Image-2025-07-12-at-18.51.11-768x1024.jpeg\" alt=\"\" class=\"wp-image-5089\"\/><\/a><\/figure>\n\n\n\n<figure class=\"wp-block-image size-large\"><a href=\"https:\/\/feuerwehr-vorau.at\/site\/wp-content\/uploads\/2025\/07\/WhatsApp-Image-2025-07-12-at-18.51.14.jpeg\"><img decoding=\"async\" width=\"768\" height=\"1024\" data-id=\"5095\" src=\"https:\/\/feuerwehr-vorau.at\/site\/wp-content\/uploads\/2025\/07\/WhatsApp-Image-2025-07-12-at-18.51.14-768x1024.jpeg\" alt=\"\" class=\"wp-image-5095\"\/><\/a><\/figure>\n\n\n\n<figure class=\"wp-block-image size-large\"><a href=\"https:\/\/feuerwehr-vorau.at\/site\/wp-content\/uploads\/2025\/07\/WhatsApp-Image-2025-07-12-at-18.51.15.jpeg\"><img loading=\"lazy\" loading=\"lazy\" decoding=\"async\" width=\"768\" height=\"1024\" data-id=\"5091\" src=\"https:\/\/feuerwehr-vorau.at\/site\/wp-content\/uploads\/2025\/07\/WhatsApp-Image-2025-07-12-at-18.51.15-768x1024.jpeg\" alt=\"\" class=\"wp-image-5091\"\/><\/a><\/figure>\n\n\n\n<figure class=\"wp-block-image size-large\"><a href=\"https:\/\/feuerwehr-vorau.at\/site\/wp-content\/uploads\/2025\/07\/WhatsApp-Image-2025-07-12-at-18.51.16.jpeg\"><img loading=\"lazy\" loading=\"lazy\" decoding=\"async\" width=\"768\" height=\"1024\" data-id=\"5090\" src=\"https:\/\/feuerwehr-vorau.at\/site\/wp-content\/uploads\/2025\/07\/WhatsApp-Image-2025-07-12-at-18.51.16-768x1024.jpeg\" alt=\"\" class=\"wp-image-5090\"\/><\/a><\/figure>\n\n\n\n<figure class=\"wp-block-image size-large\"><a href=\"https:\/\/feuerwehr-vorau.at\/site\/wp-content\/uploads\/2025\/07\/WhatsApp-Image-2025-07-12-at-19.38.03.jpeg\"><img loading=\"lazy\" loading=\"lazy\" decoding=\"async\" width=\"1024\" height=\"768\" data-id=\"5093\" src=\"https:\/\/feuerwehr-vorau.at\/site\/wp-content\/uploads\/2025\/07\/WhatsApp-Image-2025-07-12-at-19.38.03-1024x768.jpeg\" alt=\"\" class=\"wp-image-5093\" srcset=\"https:\/\/feuerwehr-vorau.at\/site\/wp-content\/uploads\/2025\/07\/WhatsApp-Image-2025-07-12-at-19.38.03-980x735.jpeg 980w, https:\/\/feuerwehr-vorau.at\/site\/wp-content\/uploads\/2025\/07\/WhatsApp-Image-2025-07-12-at-19.38.03-480x360.jpeg 480w\" sizes=\"(min-width: 0px) and (max-width: 480px) 480px, (min-width: 481px) and (max-width: 980px) 980px, (min-width: 981px) 1024px, 100vw\" \/><\/a><\/figure>\n\n\n\n<figure class=\"wp-block-image size-large\"><a href=\"https:\/\/feuerwehr-vorau.at\/site\/wp-content\/uploads\/2025\/07\/WhatsApp-Image-2025-07-13-at-13.11.42-1.jpeg\"><img loading=\"lazy\" loading=\"lazy\" decoding=\"async\" width=\"1024\" height=\"576\" data-id=\"5092\" src=\"https:\/\/feuerwehr-vorau.at\/site\/wp-content\/uploads\/2025\/07\/WhatsApp-Image-2025-07-13-at-13.11.42-1-1024x576.jpeg\" alt=\"\" class=\"wp-image-5092\" srcset=\"https:\/\/feuerwehr-vorau.at\/site\/wp-content\/uploads\/2025\/07\/WhatsApp-Image-2025-07-13-at-13.11.42-1-980x551.jpeg 980w, https:\/\/feuerwehr-vorau.at\/site\/wp-content\/uploads\/2025\/07\/WhatsApp-Image-2025-07-13-at-13.11.42-1-480x270.jpeg 480w\" sizes=\"(min-width: 0px) and (max-width: 480px) 480px, (min-width: 481px) and (max-width: 980px) 980px, (min-width: 981px) 1024px, 100vw\" \/><\/a><\/figure>\n\n\n\n<figure class=\"wp-block-image size-large\"><a href=\"https:\/\/feuerwehr-vorau.at\/site\/wp-content\/uploads\/2025\/07\/WhatsApp-Image-2025-07-13-at-13.11.42.jpeg\"><img loading=\"lazy\" loading=\"lazy\" decoding=\"async\" width=\"1024\" height=\"576\" data-id=\"5096\" src=\"https:\/\/feuerwehr-vorau.at\/site\/wp-content\/uploads\/2025\/07\/WhatsApp-Image-2025-07-13-at-13.11.42-1024x576.jpeg\" alt=\"\" class=\"wp-image-5096\" srcset=\"https:\/\/feuerwehr-vorau.at\/site\/wp-content\/uploads\/2025\/07\/WhatsApp-Image-2025-07-13-at-13.11.42-980x551.jpeg 980w, https:\/\/feuerwehr-vorau.at\/site\/wp-content\/uploads\/2025\/07\/WhatsApp-Image-2025-07-13-at-13.11.42-480x270.jpeg 480w\" sizes=\"(min-width: 0px) and (max-width: 480px) 480px, (min-width: 481px) and (max-width: 980px) 980px, (min-width: 981px) 1024px, 100vw\" \/><\/a><\/figure>\n\n\n\n<figure class=\"wp-block-image size-large\"><a href=\"https:\/\/feuerwehr-vorau.at\/site\/wp-content\/uploads\/2025\/07\/WhatsApp-Image-2025-07-12-at-18.51.17.jpeg\"><img loading=\"lazy\" loading=\"lazy\" decoding=\"async\" width=\"768\" height=\"1024\" data-id=\"5097\" src=\"https:\/\/feuerwehr-vorau.at\/site\/wp-content\/uploads\/2025\/07\/WhatsApp-Image-2025-07-12-at-18.51.17-768x1024.jpeg\" alt=\"\" class=\"wp-image-5097\"\/><\/a><\/figure>\n\n\n\n<figure class=\"wp-block-image size-large\"><a href=\"https:\/\/feuerwehr-vorau.at\/site\/wp-content\/uploads\/2025\/07\/WhatsApp-Image-2025-07-13-at-13.11.44-1.jpeg\"><img loading=\"lazy\" loading=\"lazy\" decoding=\"async\" width=\"1024\" height=\"576\" data-id=\"5099\" src=\"https:\/\/feuerwehr-vorau.at\/site\/wp-content\/uploads\/2025\/07\/WhatsApp-Image-2025-07-13-at-13.11.44-1-1024x576.jpeg\" alt=\"\" class=\"wp-image-5099\" srcset=\"https:\/\/feuerwehr-vorau.at\/site\/wp-content\/uploads\/2025\/07\/WhatsApp-Image-2025-07-13-at-13.11.44-1-980x551.jpeg 980w, https:\/\/feuerwehr-vorau.at\/site\/wp-content\/uploads\/2025\/07\/WhatsApp-Image-2025-07-13-at-13.11.44-1-480x270.jpeg 480w\" sizes=\"(min-width: 0px) and (max-width: 480px) 480px, (min-width: 481px) and (max-width: 980px) 980px, (min-width: 981px) 1024px, 100vw\" \/><\/a><\/figure>\n\n\n\n<figure class=\"wp-block-image size-large\"><a href=\"https:\/\/feuerwehr-vorau.at\/site\/wp-content\/uploads\/2025\/07\/WhatsApp-Image-2025-07-13-at-13.11.44.jpeg\"><img loading=\"lazy\" loading=\"lazy\" decoding=\"async\" width=\"1024\" height=\"576\" data-id=\"5094\" src=\"https:\/\/feuerwehr-vorau.at\/site\/wp-content\/uploads\/2025\/07\/WhatsApp-Image-2025-07-13-at-13.11.44-1024x576.jpeg\" alt=\"\" class=\"wp-image-5094\" srcset=\"https:\/\/feuerwehr-vorau.at\/site\/wp-content\/uploads\/2025\/07\/WhatsApp-Image-2025-07-13-at-13.11.44-980x551.jpeg 980w, https:\/\/feuerwehr-vorau.at\/site\/wp-content\/uploads\/2025\/07\/WhatsApp-Image-2025-07-13-at-13.11.44-480x270.jpeg 480w\" sizes=\"(min-width: 0px) and (max-width: 480px) 480px, (min-width: 481px) and (max-width: 980px) 980px, (min-width: 981px) 1024px, 100vw\" \/><\/a><\/figure>\n\n\n\n<figure class=\"wp-block-image size-large\"><a href=\"https:\/\/feuerwehr-vorau.at\/site\/wp-content\/uploads\/2025\/07\/WhatsApp-Image-2025-07-13-at-13.11.45.jpeg\"><img loading=\"lazy\" loading=\"lazy\" decoding=\"async\" width=\"576\" height=\"1024\" data-id=\"5100\" src=\"https:\/\/feuerwehr-vorau.at\/site\/wp-content\/uploads\/2025\/07\/WhatsApp-Image-2025-07-13-at-13.11.45-576x1024.jpeg\" alt=\"\" class=\"wp-image-5100\"\/><\/a><\/figure>\n\n\n\n<figure class=\"wp-block-image size-large\"><a href=\"https:\/\/feuerwehr-vorau.at\/site\/wp-content\/uploads\/2025\/07\/WhatsApp-Image-2025-07-13-at-13.11.45-1.jpeg\"><img loading=\"lazy\" loading=\"lazy\" decoding=\"async\" width=\"576\" height=\"1024\" data-id=\"5098\" src=\"https:\/\/feuerwehr-vorau.at\/site\/wp-content\/uploads\/2025\/07\/WhatsApp-Image-2025-07-13-at-13.11.45-1-576x1024.jpeg\" alt=\"\" class=\"wp-image-5098\"\/><\/a><\/figure>\n\n\n\n<figure class=\"wp-block-image size-large\"><a href=\"https:\/\/feuerwehr-vorau.at\/site\/wp-content\/uploads\/2025\/07\/WhatsApp-Image-2025-07-14-at-20.45.12-1.jpeg\"><img loading=\"lazy\" loading=\"lazy\" decoding=\"async\" width=\"768\" height=\"1024\" data-id=\"5101\" src=\"https:\/\/feuerwehr-vorau.at\/site\/wp-content\/uploads\/2025\/07\/WhatsApp-Image-2025-07-14-at-20.45.12-1-768x1024.jpeg\" alt=\"\" class=\"wp-image-5101\"\/><\/a><\/figure>\n\n\n\n<figure class=\"wp-block-image size-large\"><a href=\"https:\/\/feuerwehr-vorau.at\/site\/wp-content\/uploads\/2025\/07\/WhatsApp-Image-2025-07-14-at-20.45.12.jpeg\"><img loading=\"lazy\" loading=\"lazy\" decoding=\"async\" width=\"1024\" height=\"768\" data-id=\"5102\" src=\"https:\/\/feuerwehr-vorau.at\/site\/wp-content\/uploads\/2025\/07\/WhatsApp-Image-2025-07-14-at-20.45.12-1024x768.jpeg\" alt=\"\" class=\"wp-image-5102\" srcset=\"https:\/\/feuerwehr-vorau.at\/site\/wp-content\/uploads\/2025\/07\/WhatsApp-Image-2025-07-14-at-20.45.12-980x735.jpeg 980w, https:\/\/feuerwehr-vorau.at\/site\/wp-content\/uploads\/2025\/07\/WhatsApp-Image-2025-07-14-at-20.45.12-480x360.jpeg 480w\" sizes=\"(min-width: 0px) and (max-width: 480px) 480px, (min-width: 481px) and (max-width: 980px) 980px, (min-width: 981px) 1024px, 100vw\" \/><\/a><\/figure>\n<\/figure>\n","protected":false},"excerpt":{"rendered":"<p>Am Samstag, dem 12.07.2025 fand unsere monatliche Zugs\u00fcbung statt. Bei einem landwirtschaftlichen Anwesen im Ortsteil Riegersberg wurde gemeinsam mit unseren Kameraden der Freiwilligen Feuerwehr M\u00f6nichwald ein Brand eines Nebengeb\u00e4udes simuliert. Nach der Erkundung durch unsere Einsatzleiter BM Markus Knapp wurde unter dem Einsatz von schwerem Atemschutz eine Menschenrettung aus einer Werkst\u00e4tte durchgef\u00fchrt. Nachdem die vermisste [&hellip;]<\/p>\n","protected":false},"author":3,"featured_media":5087,"comment_status":"open","ping_status":"open","sticky":false,"template":"","format":"standard","meta":{"_et_pb_use_builder":"off","_et_pb_old_content":"","_et_gb_content_width":"","inline_featured_image":false,"_vp_format_video_url":"","_vp_image_focal_point":[],"footnotes":""},"categories":[25],"tags":[],"class_list":["post-5086","post","type-post","status-publish","format-standard","has-post-thumbnail","hentry","category-uebungen"],"_links":{"self":[{"href":"https:\/\/feuerwehr-vorau.at\/site\/wp-json\/wp\/v2\/posts\/5086","targetHints":{"allow":["GET"]}}],"collection":[{"href":"https:\/\/feuerwehr-vorau.at\/site\/wp-json\/wp\/v2\/posts"}],"about":[{"href":"https:\/\/feuerwehr-vorau.at\/site\/wp-json\/wp\/v2\/types\/post"}],"author":[{"embeddable":true,"href":"https:\/\/feuerwehr-vorau.at\/site\/wp-json\/wp\/v2\/users\/3"}],"replies":[{"embeddable":true,"href":"https:\/\/feuerwehr-vorau.at\/site\/wp-json\/wp\/v2\/comments?post=5086"}],"version-history":[{"count":1,"href":"https:\/\/feuerwehr-vorau.at\/site\/wp-json\/wp\/v2\/posts\/5086\/revisions"}],"predecessor-version":[{"id":5103,"href":"https:\/\/feuerwehr-vorau.at\/site\/wp-json\/wp\/v2\/posts\/5086\/revisions\/5103"}],"wp:featuredmedia":[{"embeddable":true,"href":"https:\/\/feuerwehr-vorau.at\/site\/wp-json\/wp\/v2\/media\/5087"}],"wp:attachment":[{"href":"https:\/\/feuerwehr-vorau.at\/site\/wp-json\/wp\/v2\/media?parent=5086"}],"wp:term":[{"taxonomy":"category","embeddable":true,"href":"https:\/\/feuerwehr-vorau.at\/site\/wp-json\/wp\/v2\/categories?post=5086"},{"taxonomy":"post_tag","embeddable":true,"href":"https:\/\/feuerwehr-vorau.at\/site\/wp-json\/wp\/v2\/tags?post=5086"}],"curies":[{"name":"wp","href":"https:\/\/api.w.org\/{rel}","templated":true}]}}