{"id":4856,"date":"2025-04-13T15:44:58","date_gmt":"2025-04-13T13:44:58","guid":{"rendered":"https:\/\/feuerwehr-vorau.at\/site\/?p=4856"},"modified":"2025-04-13T15:46:18","modified_gmt":"2025-04-13T13:46:18","slug":"waldbrand-basisausbildung-in-vorau","status":"publish","type":"post","link":"https:\/\/feuerwehr-vorau.at\/site\/waldbrand-basisausbildung-in-vorau\/","title":{"rendered":"Waldbrand Basisausbildung in Vorau"},"content":{"rendered":"\n<p>Am Samstag dem 12.04.2025 fand bei uns in Vorau die erste Waldbrand-Basisausbildung f\u00fcr den Feuerwehrabschnitt 5 statt. \u00dcber 20 KameradInnen aus 7 Feuerwehren waren dabei.<\/p>\n\n\n\n<p>Die Feuerwehr Vorau ist seit vergangenem Jahr, im Rahmen des Katastrophenhilfsdienstes (KHD), im sog. &#8222;Waldbrandzug Nord&#8220; eingeteilt. Am Samstag fand nun die erste Waldbrand-Ausbildung f\u00fcr unseren Zug statt.<\/p>\n\n\n\n<p>Den Vormittag verbrachten wir in unserem Schulungsraum und lernten bei interessanten Vortr\u00e4gen die Grunds\u00e4tze zu Waldbr\u00e4nden, der richtigen Waldbrand-Taktik und die Sicherheitsregeln.<\/p>\n\n\n\n<p>Am Nachmittag folgte dann die Praxis, die in einem Waldst\u00fcck auf der &#8222;Kring&#8220; durchgef\u00fchrt wurde.<br>Im Stationsbetrieb wurden zuerst die Ger\u00e4tschaften von unseren Waldbrandcontainern kennengelernt, dann eine Riegelstellung mit D-Strahlrohren aufgebaut und das Anlegen eine Schneise ge\u00fcbt.<\/p>\n\n\n\n<p>Danke an alle Teilnehmer und die Ausbilder.<\/p>\n\n\n\n<figure class=\"wp-block-gallery has-nested-images columns-default is-cropped wp-block-gallery-1 is-layout-flex wp-block-gallery-is-layout-flex\">\n<figure class=\"wp-block-image size-large\"><a href=\"https:\/\/feuerwehr-vorau.at\/site\/wp-content\/uploads\/2025\/04\/waldbrand_01.jpg\"><img fetchpriority=\"high\" fetchpriority=\"high\" decoding=\"async\" width=\"1024\" height=\"768\" data-id=\"4862\" src=\"https:\/\/feuerwehr-vorau.at\/site\/wp-content\/uploads\/2025\/04\/waldbrand_01.jpg\" alt=\"\" class=\"wp-image-4862\" srcset=\"https:\/\/feuerwehr-vorau.at\/site\/wp-content\/uploads\/2025\/04\/waldbrand_01.jpg 1024w, https:\/\/feuerwehr-vorau.at\/site\/wp-content\/uploads\/2025\/04\/waldbrand_01-980x735.jpg 980w, https:\/\/feuerwehr-vorau.at\/site\/wp-content\/uploads\/2025\/04\/waldbrand_01-480x360.jpg 480w\" sizes=\"(min-width: 0px) and (max-width: 480px) 480px, (min-width: 481px) and (max-width: 980px) 980px, (min-width: 981px) 1024px, 100vw\" \/><\/a><\/figure>\n\n\n\n<figure class=\"wp-block-image size-large\"><a href=\"https:\/\/feuerwehr-vorau.at\/site\/wp-content\/uploads\/2025\/04\/waldbrand_02.jpg\"><img decoding=\"async\" width=\"1024\" height=\"768\" data-id=\"4858\" src=\"https:\/\/feuerwehr-vorau.at\/site\/wp-content\/uploads\/2025\/04\/waldbrand_02.jpg\" alt=\"\" class=\"wp-image-4858\" srcset=\"https:\/\/feuerwehr-vorau.at\/site\/wp-content\/uploads\/2025\/04\/waldbrand_02.jpg 1024w, https:\/\/feuerwehr-vorau.at\/site\/wp-content\/uploads\/2025\/04\/waldbrand_02-980x735.jpg 980w, https:\/\/feuerwehr-vorau.at\/site\/wp-content\/uploads\/2025\/04\/waldbrand_02-480x360.jpg 480w\" sizes=\"(min-width: 0px) and (max-width: 480px) 480px, (min-width: 481px) and (max-width: 980px) 980px, (min-width: 981px) 1024px, 100vw\" \/><\/a><\/figure>\n\n\n\n<figure class=\"wp-block-image size-large\"><a href=\"https:\/\/feuerwehr-vorau.at\/site\/wp-content\/uploads\/2025\/04\/waldbrand_03.jpg\"><img decoding=\"async\" width=\"1024\" height=\"768\" data-id=\"4857\" src=\"https:\/\/feuerwehr-vorau.at\/site\/wp-content\/uploads\/2025\/04\/waldbrand_03.jpg\" alt=\"\" class=\"wp-image-4857\" srcset=\"https:\/\/feuerwehr-vorau.at\/site\/wp-content\/uploads\/2025\/04\/waldbrand_03.jpg 1024w, https:\/\/feuerwehr-vorau.at\/site\/wp-content\/uploads\/2025\/04\/waldbrand_03-980x735.jpg 980w, https:\/\/feuerwehr-vorau.at\/site\/wp-content\/uploads\/2025\/04\/waldbrand_03-480x360.jpg 480w\" sizes=\"(min-width: 0px) and (max-width: 480px) 480px, (min-width: 481px) and (max-width: 980px) 980px, (min-width: 981px) 1024px, 100vw\" \/><\/a><\/figure>\n\n\n\n<figure class=\"wp-block-image size-large\"><a href=\"https:\/\/feuerwehr-vorau.at\/site\/wp-content\/uploads\/2025\/04\/waldbrand_04.jpg\"><img loading=\"lazy\" loading=\"lazy\" decoding=\"async\" width=\"1024\" height=\"768\" data-id=\"4861\" src=\"https:\/\/feuerwehr-vorau.at\/site\/wp-content\/uploads\/2025\/04\/waldbrand_04.jpg\" alt=\"\" class=\"wp-image-4861\" srcset=\"https:\/\/feuerwehr-vorau.at\/site\/wp-content\/uploads\/2025\/04\/waldbrand_04.jpg 1024w, https:\/\/feuerwehr-vorau.at\/site\/wp-content\/uploads\/2025\/04\/waldbrand_04-980x735.jpg 980w, https:\/\/feuerwehr-vorau.at\/site\/wp-content\/uploads\/2025\/04\/waldbrand_04-480x360.jpg 480w\" sizes=\"(min-width: 0px) and (max-width: 480px) 480px, (min-width: 481px) and (max-width: 980px) 980px, (min-width: 981px) 1024px, 100vw\" \/><\/a><\/figure>\n\n\n\n<figure class=\"wp-block-image size-large\"><a href=\"https:\/\/feuerwehr-vorau.at\/site\/wp-content\/uploads\/2025\/04\/waldbrand_05.jpg\"><img loading=\"lazy\" loading=\"lazy\" decoding=\"async\" width=\"1024\" height=\"768\" data-id=\"4859\" src=\"https:\/\/feuerwehr-vorau.at\/site\/wp-content\/uploads\/2025\/04\/waldbrand_05.jpg\" alt=\"\" class=\"wp-image-4859\" srcset=\"https:\/\/feuerwehr-vorau.at\/site\/wp-content\/uploads\/2025\/04\/waldbrand_05.jpg 1024w, https:\/\/feuerwehr-vorau.at\/site\/wp-content\/uploads\/2025\/04\/waldbrand_05-980x735.jpg 980w, https:\/\/feuerwehr-vorau.at\/site\/wp-content\/uploads\/2025\/04\/waldbrand_05-480x360.jpg 480w\" sizes=\"(min-width: 0px) and (max-width: 480px) 480px, (min-width: 481px) and (max-width: 980px) 980px, (min-width: 981px) 1024px, 100vw\" \/><\/a><\/figure>\n\n\n\n<figure class=\"wp-block-image size-large\"><a href=\"https:\/\/feuerwehr-vorau.at\/site\/wp-content\/uploads\/2025\/04\/waldbrand_06.jpg\"><img loading=\"lazy\" loading=\"lazy\" decoding=\"async\" width=\"1024\" height=\"768\" data-id=\"4860\" src=\"https:\/\/feuerwehr-vorau.at\/site\/wp-content\/uploads\/2025\/04\/waldbrand_06.jpg\" alt=\"\" class=\"wp-image-4860\" srcset=\"https:\/\/feuerwehr-vorau.at\/site\/wp-content\/uploads\/2025\/04\/waldbrand_06.jpg 1024w, https:\/\/feuerwehr-vorau.at\/site\/wp-content\/uploads\/2025\/04\/waldbrand_06-980x735.jpg 980w, https:\/\/feuerwehr-vorau.at\/site\/wp-content\/uploads\/2025\/04\/waldbrand_06-480x360.jpg 480w\" sizes=\"(min-width: 0px) and (max-width: 480px) 480px, (min-width: 481px) and (max-width: 980px) 980px, (min-width: 981px) 1024px, 100vw\" \/><\/a><\/figure>\n\n\n\n<figure class=\"wp-block-image size-large\"><a href=\"https:\/\/feuerwehr-vorau.at\/site\/wp-content\/uploads\/2025\/04\/waldbrand_07.jpg\"><img loading=\"lazy\" loading=\"lazy\" decoding=\"async\" width=\"1024\" height=\"768\" data-id=\"4863\" src=\"https:\/\/feuerwehr-vorau.at\/site\/wp-content\/uploads\/2025\/04\/waldbrand_07.jpg\" alt=\"\" class=\"wp-image-4863\" srcset=\"https:\/\/feuerwehr-vorau.at\/site\/wp-content\/uploads\/2025\/04\/waldbrand_07.jpg 1024w, https:\/\/feuerwehr-vorau.at\/site\/wp-content\/uploads\/2025\/04\/waldbrand_07-980x735.jpg 980w, https:\/\/feuerwehr-vorau.at\/site\/wp-content\/uploads\/2025\/04\/waldbrand_07-480x360.jpg 480w\" sizes=\"(min-width: 0px) and (max-width: 480px) 480px, (min-width: 481px) and (max-width: 980px) 980px, (min-width: 981px) 1024px, 100vw\" \/><\/a><\/figure>\n\n\n\n<figure class=\"wp-block-image size-large\"><a href=\"https:\/\/feuerwehr-vorau.at\/site\/wp-content\/uploads\/2025\/04\/waldbrand_08.jpg\"><img loading=\"lazy\" loading=\"lazy\" decoding=\"async\" width=\"1024\" height=\"768\" data-id=\"4864\" src=\"https:\/\/feuerwehr-vorau.at\/site\/wp-content\/uploads\/2025\/04\/waldbrand_08.jpg\" alt=\"\" class=\"wp-image-4864\" srcset=\"https:\/\/feuerwehr-vorau.at\/site\/wp-content\/uploads\/2025\/04\/waldbrand_08.jpg 1024w, https:\/\/feuerwehr-vorau.at\/site\/wp-content\/uploads\/2025\/04\/waldbrand_08-980x735.jpg 980w, https:\/\/feuerwehr-vorau.at\/site\/wp-content\/uploads\/2025\/04\/waldbrand_08-480x360.jpg 480w\" sizes=\"(min-width: 0px) and (max-width: 480px) 480px, (min-width: 481px) and (max-width: 980px) 980px, (min-width: 981px) 1024px, 100vw\" \/><\/a><\/figure>\n<\/figure>\n","protected":false},"excerpt":{"rendered":"<p>Am Samstag dem 12.04.2025 fand bei uns in Vorau die erste Waldbrand-Basisausbildung f\u00fcr den Feuerwehrabschnitt 5 statt. \u00dcber 20 KameradInnen aus 7 Feuerwehren waren dabei. Die Feuerwehr Vorau ist seit vergangenem Jahr, im Rahmen des Katastrophenhilfsdienstes (KHD), im sog. &#8222;Waldbrandzug Nord&#8220; eingeteilt. Am Samstag fand nun die erste Waldbrand-Ausbildung f\u00fcr unseren Zug statt. Den Vormittag [&hellip;]<\/p>\n","protected":false},"author":1,"featured_media":4863,"comment_status":"open","ping_status":"open","sticky":false,"template":"","format":"standard","meta":{"_et_pb_use_builder":"off","_et_pb_old_content":"","_et_gb_content_width":"","inline_featured_image":false,"_vp_format_video_url":"","_vp_image_focal_point":[],"footnotes":""},"categories":[25],"tags":[],"class_list":["post-4856","post","type-post","status-publish","format-standard","has-post-thumbnail","hentry","category-uebungen"],"_links":{"self":[{"href":"https:\/\/feuerwehr-vorau.at\/site\/wp-json\/wp\/v2\/posts\/4856","targetHints":{"allow":["GET"]}}],"collection":[{"href":"https:\/\/feuerwehr-vorau.at\/site\/wp-json\/wp\/v2\/posts"}],"about":[{"href":"https:\/\/feuerwehr-vorau.at\/site\/wp-json\/wp\/v2\/types\/post"}],"author":[{"embeddable":true,"href":"https:\/\/feuerwehr-vorau.at\/site\/wp-json\/wp\/v2\/users\/1"}],"replies":[{"embeddable":true,"href":"https:\/\/feuerwehr-vorau.at\/site\/wp-json\/wp\/v2\/comments?post=4856"}],"version-history":[{"count":2,"href":"https:\/\/feuerwehr-vorau.at\/site\/wp-json\/wp\/v2\/posts\/4856\/revisions"}],"predecessor-version":[{"id":4866,"href":"https:\/\/feuerwehr-vorau.at\/site\/wp-json\/wp\/v2\/posts\/4856\/revisions\/4866"}],"wp:featuredmedia":[{"embeddable":true,"href":"https:\/\/feuerwehr-vorau.at\/site\/wp-json\/wp\/v2\/media\/4863"}],"wp:attachment":[{"href":"https:\/\/feuerwehr-vorau.at\/site\/wp-json\/wp\/v2\/media?parent=4856"}],"wp:term":[{"taxonomy":"category","embeddable":true,"href":"https:\/\/feuerwehr-vorau.at\/site\/wp-json\/wp\/v2\/categories?post=4856"},{"taxonomy":"post_tag","embeddable":true,"href":"https:\/\/feuerwehr-vorau.at\/site\/wp-json\/wp\/v2\/tags?post=4856"}],"curies":[{"name":"wp","href":"https:\/\/api.w.org\/{rel}","templated":true}]}}