{"id":4839,"date":"2025-04-07T21:48:22","date_gmt":"2025-04-07T19:48:22","guid":{"rendered":"https:\/\/feuerwehr-vorau.at\/site\/?p=4839"},"modified":"2025-04-07T21:48:24","modified_gmt":"2025-04-07T19:48:24","slug":"grundausbildung-1-erfolgreich-abgeschlossen","status":"publish","type":"post","link":"https:\/\/feuerwehr-vorau.at\/site\/grundausbildung-1-erfolgreich-abgeschlossen\/","title":{"rendered":"Grundausbildung 1 &#8211; erfolgreich abgeschlossen"},"content":{"rendered":"\n<p>Am Samstag dem 05.04.2025 fand in Rohrbach die Abschlusspr\u00fcfung der Grundausbildung-1 statt. Auch 4 TeilnehmerInnen der Wehr Vorau haben teilgenommen.<\/p>\n\n\n\n<p>Die GAB-1 ist die Basisausbildung beim \u00dcbergang von der Feuerwehrjugend zum Aktivstand, bzw. f\u00fcr die Aufnahme von Quereinsteigern in den Aktivstand. \u00dcber acht Wochen lang hatten sich die TeilnehmerInnen, seit Anfang Februar, auf diese Pr\u00fcfung vorbereitet. Die \u00dcbungen fanden in Kleingruppen, die Feuerwehr Vorau gemeinsam mit M\u00f6nichwald und Sankt Lorenzen, in M\u00f6nichwald statt.<\/p>\n\n\n\n<p>Am Samstag traten nun ingesamt 19 TeilnehmerInnen aus den Feuerwehren Eichberg, M\u00f6nichwald, Rohrbach, Sankt Jakob, Sankt Lorenzen, Waldbach und Vorau zur Pr\u00fcfung an.<\/p>\n\n\n\n<p>Alle jungen KameradInnen konnten die Pr\u00fcfung erfolgreich absolvieren, wir gratulieren sehr herzlich.<br>Von der FF-Vorau:<\/p>\n\n\n\n<ul class=\"wp-block-list\">\n<li>Peter Haspl<\/li>\n\n\n\n<li>Chiara Kandlbauer<\/li>\n\n\n\n<li>Nadine Lechner<\/li>\n\n\n\n<li>Eva Zingl<\/li>\n<\/ul>\n\n\n\n<p>Ein gro\u00dfer Dank gilt auch dem gesamten Ausbilderteam, rund um HBI Gerald Weber &#8211; FF Wenigzell, im Besonderen unserem HLM Alfred Gerngro\u00df f\u00fcr die perfekte Vorbereitung der TeilnehmerInnen.<\/p>\n\n\n\n<figure class=\"wp-block-gallery has-nested-images columns-default is-cropped wp-block-gallery-1 is-layout-flex wp-block-gallery-is-layout-flex\">\n<figure class=\"wp-block-image size-large\"><a href=\"https:\/\/feuerwehr-vorau.at\/site\/wp-content\/uploads\/2025\/04\/01_gab.jpg\"><img fetchpriority=\"high\" fetchpriority=\"high\" decoding=\"async\" width=\"1024\" height=\"768\" data-id=\"4841\" src=\"https:\/\/feuerwehr-vorau.at\/site\/wp-content\/uploads\/2025\/04\/01_gab.jpg\" alt=\"\" class=\"wp-image-4841\" srcset=\"https:\/\/feuerwehr-vorau.at\/site\/wp-content\/uploads\/2025\/04\/01_gab.jpg 1024w, https:\/\/feuerwehr-vorau.at\/site\/wp-content\/uploads\/2025\/04\/01_gab-980x735.jpg 980w, https:\/\/feuerwehr-vorau.at\/site\/wp-content\/uploads\/2025\/04\/01_gab-480x360.jpg 480w\" sizes=\"(min-width: 0px) and (max-width: 480px) 480px, (min-width: 481px) and (max-width: 980px) 980px, (min-width: 981px) 1024px, 100vw\" \/><\/a><\/figure>\n\n\n\n<figure class=\"wp-block-image size-large\"><a href=\"https:\/\/feuerwehr-vorau.at\/site\/wp-content\/uploads\/2025\/04\/02_gab.jpg\"><img decoding=\"async\" width=\"1024\" height=\"768\" data-id=\"4840\" src=\"https:\/\/feuerwehr-vorau.at\/site\/wp-content\/uploads\/2025\/04\/02_gab.jpg\" alt=\"\" class=\"wp-image-4840\" srcset=\"https:\/\/feuerwehr-vorau.at\/site\/wp-content\/uploads\/2025\/04\/02_gab.jpg 1024w, https:\/\/feuerwehr-vorau.at\/site\/wp-content\/uploads\/2025\/04\/02_gab-980x735.jpg 980w, https:\/\/feuerwehr-vorau.at\/site\/wp-content\/uploads\/2025\/04\/02_gab-480x360.jpg 480w\" sizes=\"(min-width: 0px) and (max-width: 480px) 480px, (min-width: 481px) and (max-width: 980px) 980px, (min-width: 981px) 1024px, 100vw\" \/><\/a><\/figure>\n\n\n\n<figure class=\"wp-block-image size-large\"><a href=\"https:\/\/feuerwehr-vorau.at\/site\/wp-content\/uploads\/2025\/04\/03_gab.jpg\"><img decoding=\"async\" width=\"1024\" height=\"768\" data-id=\"4842\" src=\"https:\/\/feuerwehr-vorau.at\/site\/wp-content\/uploads\/2025\/04\/03_gab.jpg\" alt=\"\" class=\"wp-image-4842\" srcset=\"https:\/\/feuerwehr-vorau.at\/site\/wp-content\/uploads\/2025\/04\/03_gab.jpg 1024w, https:\/\/feuerwehr-vorau.at\/site\/wp-content\/uploads\/2025\/04\/03_gab-980x735.jpg 980w, https:\/\/feuerwehr-vorau.at\/site\/wp-content\/uploads\/2025\/04\/03_gab-480x360.jpg 480w\" sizes=\"(min-width: 0px) and (max-width: 480px) 480px, (min-width: 481px) and (max-width: 980px) 980px, (min-width: 981px) 1024px, 100vw\" \/><\/a><\/figure>\n\n\n\n<figure class=\"wp-block-image size-large\"><a href=\"https:\/\/feuerwehr-vorau.at\/site\/wp-content\/uploads\/2025\/04\/04_gab.jpg\"><img loading=\"lazy\" loading=\"lazy\" decoding=\"async\" width=\"1024\" height=\"768\" data-id=\"4845\" src=\"https:\/\/feuerwehr-vorau.at\/site\/wp-content\/uploads\/2025\/04\/04_gab.jpg\" alt=\"\" class=\"wp-image-4845\" srcset=\"https:\/\/feuerwehr-vorau.at\/site\/wp-content\/uploads\/2025\/04\/04_gab.jpg 1024w, https:\/\/feuerwehr-vorau.at\/site\/wp-content\/uploads\/2025\/04\/04_gab-980x735.jpg 980w, https:\/\/feuerwehr-vorau.at\/site\/wp-content\/uploads\/2025\/04\/04_gab-480x360.jpg 480w\" sizes=\"(min-width: 0px) and (max-width: 480px) 480px, (min-width: 481px) and (max-width: 980px) 980px, (min-width: 981px) 1024px, 100vw\" \/><\/a><\/figure>\n\n\n\n<figure class=\"wp-block-image size-large\"><a href=\"https:\/\/feuerwehr-vorau.at\/site\/wp-content\/uploads\/2025\/04\/05_gab.jpg\"><img loading=\"lazy\" loading=\"lazy\" decoding=\"async\" width=\"1024\" height=\"768\" data-id=\"4843\" src=\"https:\/\/feuerwehr-vorau.at\/site\/wp-content\/uploads\/2025\/04\/05_gab.jpg\" alt=\"\" class=\"wp-image-4843\" srcset=\"https:\/\/feuerwehr-vorau.at\/site\/wp-content\/uploads\/2025\/04\/05_gab.jpg 1024w, https:\/\/feuerwehr-vorau.at\/site\/wp-content\/uploads\/2025\/04\/05_gab-980x735.jpg 980w, https:\/\/feuerwehr-vorau.at\/site\/wp-content\/uploads\/2025\/04\/05_gab-480x360.jpg 480w\" sizes=\"(min-width: 0px) and (max-width: 480px) 480px, (min-width: 481px) and (max-width: 980px) 980px, (min-width: 981px) 1024px, 100vw\" \/><\/a><\/figure>\n\n\n\n<figure class=\"wp-block-image size-large\"><a href=\"https:\/\/feuerwehr-vorau.at\/site\/wp-content\/uploads\/2025\/04\/06_gab.jpg\"><img loading=\"lazy\" loading=\"lazy\" decoding=\"async\" width=\"1024\" height=\"768\" data-id=\"4846\" src=\"https:\/\/feuerwehr-vorau.at\/site\/wp-content\/uploads\/2025\/04\/06_gab.jpg\" alt=\"\" class=\"wp-image-4846\" srcset=\"https:\/\/feuerwehr-vorau.at\/site\/wp-content\/uploads\/2025\/04\/06_gab.jpg 1024w, https:\/\/feuerwehr-vorau.at\/site\/wp-content\/uploads\/2025\/04\/06_gab-980x735.jpg 980w, https:\/\/feuerwehr-vorau.at\/site\/wp-content\/uploads\/2025\/04\/06_gab-480x360.jpg 480w\" sizes=\"(min-width: 0px) and (max-width: 480px) 480px, (min-width: 481px) and (max-width: 980px) 980px, (min-width: 981px) 1024px, 100vw\" \/><\/a><\/figure>\n\n\n\n<figure class=\"wp-block-image size-large\"><a href=\"https:\/\/feuerwehr-vorau.at\/site\/wp-content\/uploads\/2025\/04\/07_gab.jpg\"><img loading=\"lazy\" loading=\"lazy\" decoding=\"async\" width=\"1024\" height=\"768\" data-id=\"4844\" src=\"https:\/\/feuerwehr-vorau.at\/site\/wp-content\/uploads\/2025\/04\/07_gab.jpg\" alt=\"\" class=\"wp-image-4844\" srcset=\"https:\/\/feuerwehr-vorau.at\/site\/wp-content\/uploads\/2025\/04\/07_gab.jpg 1024w, https:\/\/feuerwehr-vorau.at\/site\/wp-content\/uploads\/2025\/04\/07_gab-980x735.jpg 980w, https:\/\/feuerwehr-vorau.at\/site\/wp-content\/uploads\/2025\/04\/07_gab-480x360.jpg 480w\" sizes=\"(min-width: 0px) and (max-width: 480px) 480px, (min-width: 481px) and (max-width: 980px) 980px, (min-width: 981px) 1024px, 100vw\" \/><\/a><\/figure>\n\n\n\n<figure class=\"wp-block-image size-large\"><a href=\"https:\/\/feuerwehr-vorau.at\/site\/wp-content\/uploads\/2025\/04\/08_gab.jpg\"><img loading=\"lazy\" loading=\"lazy\" decoding=\"async\" width=\"1024\" height=\"768\" data-id=\"4847\" src=\"https:\/\/feuerwehr-vorau.at\/site\/wp-content\/uploads\/2025\/04\/08_gab.jpg\" alt=\"\" class=\"wp-image-4847\" srcset=\"https:\/\/feuerwehr-vorau.at\/site\/wp-content\/uploads\/2025\/04\/08_gab.jpg 1024w, https:\/\/feuerwehr-vorau.at\/site\/wp-content\/uploads\/2025\/04\/08_gab-980x735.jpg 980w, https:\/\/feuerwehr-vorau.at\/site\/wp-content\/uploads\/2025\/04\/08_gab-480x360.jpg 480w\" sizes=\"(min-width: 0px) and (max-width: 480px) 480px, (min-width: 481px) and (max-width: 980px) 980px, (min-width: 981px) 1024px, 100vw\" \/><\/a><\/figure>\n\n\n\n<figure class=\"wp-block-image size-large\"><a href=\"https:\/\/feuerwehr-vorau.at\/site\/wp-content\/uploads\/2025\/04\/09_gab.jpg\"><img loading=\"lazy\" loading=\"lazy\" decoding=\"async\" width=\"1024\" height=\"768\" data-id=\"4848\" src=\"https:\/\/feuerwehr-vorau.at\/site\/wp-content\/uploads\/2025\/04\/09_gab.jpg\" alt=\"\" class=\"wp-image-4848\" srcset=\"https:\/\/feuerwehr-vorau.at\/site\/wp-content\/uploads\/2025\/04\/09_gab.jpg 1024w, https:\/\/feuerwehr-vorau.at\/site\/wp-content\/uploads\/2025\/04\/09_gab-980x735.jpg 980w, https:\/\/feuerwehr-vorau.at\/site\/wp-content\/uploads\/2025\/04\/09_gab-480x360.jpg 480w\" sizes=\"(min-width: 0px) and (max-width: 480px) 480px, (min-width: 481px) and (max-width: 980px) 980px, (min-width: 981px) 1024px, 100vw\" \/><\/a><\/figure>\n\n\n\n<figure class=\"wp-block-image size-large\"><a href=\"https:\/\/feuerwehr-vorau.at\/site\/wp-content\/uploads\/2025\/04\/10_gab.jpg\"><img loading=\"lazy\" loading=\"lazy\" decoding=\"async\" width=\"1024\" height=\"768\" data-id=\"4853\" src=\"https:\/\/feuerwehr-vorau.at\/site\/wp-content\/uploads\/2025\/04\/10_gab.jpg\" alt=\"\" class=\"wp-image-4853\" srcset=\"https:\/\/feuerwehr-vorau.at\/site\/wp-content\/uploads\/2025\/04\/10_gab.jpg 1024w, https:\/\/feuerwehr-vorau.at\/site\/wp-content\/uploads\/2025\/04\/10_gab-980x735.jpg 980w, https:\/\/feuerwehr-vorau.at\/site\/wp-content\/uploads\/2025\/04\/10_gab-480x360.jpg 480w\" sizes=\"(min-width: 0px) and (max-width: 480px) 480px, (min-width: 481px) and (max-width: 980px) 980px, (min-width: 981px) 1024px, 100vw\" \/><\/a><\/figure>\n\n\n\n<figure class=\"wp-block-image size-large\"><a href=\"https:\/\/feuerwehr-vorau.at\/site\/wp-content\/uploads\/2025\/04\/11_gab.jpg\"><img loading=\"lazy\" loading=\"lazy\" decoding=\"async\" width=\"1024\" height=\"768\" data-id=\"4850\" src=\"https:\/\/feuerwehr-vorau.at\/site\/wp-content\/uploads\/2025\/04\/11_gab.jpg\" alt=\"\" class=\"wp-image-4850\" srcset=\"https:\/\/feuerwehr-vorau.at\/site\/wp-content\/uploads\/2025\/04\/11_gab.jpg 1024w, https:\/\/feuerwehr-vorau.at\/site\/wp-content\/uploads\/2025\/04\/11_gab-980x735.jpg 980w, https:\/\/feuerwehr-vorau.at\/site\/wp-content\/uploads\/2025\/04\/11_gab-480x360.jpg 480w\" sizes=\"(min-width: 0px) and (max-width: 480px) 480px, (min-width: 481px) and (max-width: 980px) 980px, (min-width: 981px) 1024px, 100vw\" \/><\/a><\/figure>\n\n\n\n<figure class=\"wp-block-image size-large\"><a href=\"https:\/\/feuerwehr-vorau.at\/site\/wp-content\/uploads\/2025\/04\/12_gab.jpg\"><img loading=\"lazy\" loading=\"lazy\" decoding=\"async\" width=\"1024\" height=\"768\" data-id=\"4851\" src=\"https:\/\/feuerwehr-vorau.at\/site\/wp-content\/uploads\/2025\/04\/12_gab.jpg\" alt=\"\" class=\"wp-image-4851\" srcset=\"https:\/\/feuerwehr-vorau.at\/site\/wp-content\/uploads\/2025\/04\/12_gab.jpg 1024w, https:\/\/feuerwehr-vorau.at\/site\/wp-content\/uploads\/2025\/04\/12_gab-980x735.jpg 980w, https:\/\/feuerwehr-vorau.at\/site\/wp-content\/uploads\/2025\/04\/12_gab-480x360.jpg 480w\" sizes=\"(min-width: 0px) and (max-width: 480px) 480px, (min-width: 481px) and (max-width: 980px) 980px, (min-width: 981px) 1024px, 100vw\" \/><\/a><\/figure>\n\n\n\n<figure class=\"wp-block-image size-large\"><a href=\"https:\/\/feuerwehr-vorau.at\/site\/wp-content\/uploads\/2025\/04\/13_gab.jpg\"><img loading=\"lazy\" loading=\"lazy\" decoding=\"async\" width=\"1024\" height=\"768\" data-id=\"4849\" src=\"https:\/\/feuerwehr-vorau.at\/site\/wp-content\/uploads\/2025\/04\/13_gab.jpg\" alt=\"\" class=\"wp-image-4849\" srcset=\"https:\/\/feuerwehr-vorau.at\/site\/wp-content\/uploads\/2025\/04\/13_gab.jpg 1024w, https:\/\/feuerwehr-vorau.at\/site\/wp-content\/uploads\/2025\/04\/13_gab-980x735.jpg 980w, https:\/\/feuerwehr-vorau.at\/site\/wp-content\/uploads\/2025\/04\/13_gab-480x360.jpg 480w\" sizes=\"(min-width: 0px) and (max-width: 480px) 480px, (min-width: 481px) and (max-width: 980px) 980px, (min-width: 981px) 1024px, 100vw\" \/><\/a><\/figure>\n\n\n\n<figure class=\"wp-block-image size-large\"><a href=\"https:\/\/feuerwehr-vorau.at\/site\/wp-content\/uploads\/2025\/04\/14_gab.jpg\"><img loading=\"lazy\" loading=\"lazy\" decoding=\"async\" width=\"1024\" height=\"768\" data-id=\"4852\" src=\"https:\/\/feuerwehr-vorau.at\/site\/wp-content\/uploads\/2025\/04\/14_gab.jpg\" alt=\"\" class=\"wp-image-4852\" srcset=\"https:\/\/feuerwehr-vorau.at\/site\/wp-content\/uploads\/2025\/04\/14_gab.jpg 1024w, https:\/\/feuerwehr-vorau.at\/site\/wp-content\/uploads\/2025\/04\/14_gab-980x735.jpg 980w, https:\/\/feuerwehr-vorau.at\/site\/wp-content\/uploads\/2025\/04\/14_gab-480x360.jpg 480w\" sizes=\"(min-width: 0px) and (max-width: 480px) 480px, (min-width: 481px) and (max-width: 980px) 980px, (min-width: 981px) 1024px, 100vw\" \/><\/a><\/figure>\n<\/figure>\n","protected":false},"excerpt":{"rendered":"<p>Am Samstag dem 05.04.2025 fand in Rohrbach die Abschlusspr\u00fcfung der Grundausbildung-1 statt. Auch 4 TeilnehmerInnen der Wehr Vorau haben teilgenommen. Die GAB-1 ist die Basisausbildung beim \u00dcbergang von der Feuerwehrjugend zum Aktivstand, bzw. f\u00fcr die Aufnahme von Quereinsteigern in den Aktivstand. \u00dcber acht Wochen lang hatten sich die TeilnehmerInnen, seit Anfang Februar, auf diese Pr\u00fcfung [&hellip;]<\/p>\n","protected":false},"author":1,"featured_media":4852,"comment_status":"open","ping_status":"open","sticky":false,"template":"","format":"standard","meta":{"_et_pb_use_builder":"off","_et_pb_old_content":"","_et_gb_content_width":"","inline_featured_image":false,"_vp_format_video_url":"","_vp_image_focal_point":[],"footnotes":""},"categories":[25],"tags":[],"class_list":["post-4839","post","type-post","status-publish","format-standard","has-post-thumbnail","hentry","category-uebungen"],"_links":{"self":[{"href":"https:\/\/feuerwehr-vorau.at\/site\/wp-json\/wp\/v2\/posts\/4839","targetHints":{"allow":["GET"]}}],"collection":[{"href":"https:\/\/feuerwehr-vorau.at\/site\/wp-json\/wp\/v2\/posts"}],"about":[{"href":"https:\/\/feuerwehr-vorau.at\/site\/wp-json\/wp\/v2\/types\/post"}],"author":[{"embeddable":true,"href":"https:\/\/feuerwehr-vorau.at\/site\/wp-json\/wp\/v2\/users\/1"}],"replies":[{"embeddable":true,"href":"https:\/\/feuerwehr-vorau.at\/site\/wp-json\/wp\/v2\/comments?post=4839"}],"version-history":[{"count":1,"href":"https:\/\/feuerwehr-vorau.at\/site\/wp-json\/wp\/v2\/posts\/4839\/revisions"}],"predecessor-version":[{"id":4854,"href":"https:\/\/feuerwehr-vorau.at\/site\/wp-json\/wp\/v2\/posts\/4839\/revisions\/4854"}],"wp:featuredmedia":[{"embeddable":true,"href":"https:\/\/feuerwehr-vorau.at\/site\/wp-json\/wp\/v2\/media\/4852"}],"wp:attachment":[{"href":"https:\/\/feuerwehr-vorau.at\/site\/wp-json\/wp\/v2\/media?parent=4839"}],"wp:term":[{"taxonomy":"category","embeddable":true,"href":"https:\/\/feuerwehr-vorau.at\/site\/wp-json\/wp\/v2\/categories?post=4839"},{"taxonomy":"post_tag","embeddable":true,"href":"https:\/\/feuerwehr-vorau.at\/site\/wp-json\/wp\/v2\/tags?post=4839"}],"curies":[{"name":"wp","href":"https:\/\/api.w.org\/{rel}","templated":true}]}}