{"id":4701,"date":"2025-02-16T19:46:50","date_gmt":"2025-02-16T18:46:50","guid":{"rendered":"https:\/\/feuerwehr-vorau.at\/site\/?p=4701"},"modified":"2025-02-23T19:50:33","modified_gmt":"2025-02-23T18:50:33","slug":"funkgrundlehrgang-des-bfv-hartberg-in-vorau","status":"publish","type":"post","link":"https:\/\/feuerwehr-vorau.at\/site\/funkgrundlehrgang-des-bfv-hartberg-in-vorau\/","title":{"rendered":"Funkgrundlehrgang des BFV Hartberg in Vorau"},"content":{"rendered":"\n<p>Am Samstag, dem 15.02.2025 wurde der Funkgrundlehrgang des ersten Halbjahres 2025 des BFV Hartberg in den R\u00e4umlichkeiten der FF-Vorau abgehalten. Als Veranstaltung des Bereichsfeuerwehrverbandes waren dabei Teilnehmer aus dem gesamten &#8222;Bereich Hartberg&#8220; vertreten, um Grundlagen und Handhabung des Feuerwehrfunks theoretisch und auch in der Praxis zu erlernen. Das Ereignis wurde LIVE aus dem Feuerwehrhaus P\u00f6llau \u00fcbertragen, wo der Bereichsfunkbeauftragte OBI d. F. Hannes Haindl, FF-Buch Geiseldorf, die Ausbildung leitete. Vor Ort in Vorau wurde er unterst\u00fctzt von OBI Johannes Schantl, FF-M\u00f6nichwald und HBM d. F. Roland Koch, FF-W\u00f6rth a. d. Lafnitz. Unter den 36 Teilnehmern in Vorau waren f\u00fcnf KameradInnen der FF-Vorau, die hiermit einen wichtigen Teil ihrer Feuerwehr<\/p>\n\n\n\n<p>Grundausbildung absolvierten:<\/p>\n\n\n\n<ul class=\"wp-block-list\">\n<li>PFM Peter Haspl<\/li>\n\n\n\n<li>PFF Chiara Kandlbauer<\/li>\n\n\n\n<li>JFM Lina Eiselt<\/li>\n\n\n\n<li>JFM Tobias Putz<\/li>\n\n\n\n<li>JFM Markus Zingl<\/li>\n<\/ul>\n\n\n\n<p>Am Ende der ganzt\u00e4gigen Lehrveranstaltung stand eine Erfolgskontrolle, die alle Teilnehmer erfolgreich ablegen konnten.<\/p>\n\n\n\n<p>Herzliche Gratulation!<\/p>\n\n\n\n<p>Link zum Beitrag des BFVHB: &nbsp;&nbsp;<a href=\"https:\/\/www.bfvhb.steiermark.at\/desktopdefault.aspx\/tabid-469\/986_read-51483\" target=\"_blank\" rel=\"noreferrer noopener\">https:\/\/www.bfvhb.steiermark.at\/desktopdefault.aspx\/tabid-469\/986_read-51483<\/a><\/p>\n\n\n\n<p>Link zum Beitrag des LFVSTMK:&nbsp;<a href=\"https:\/\/www.lfv.steiermark.at\/desktopdefault.aspx\/tabid-1634\/2484_read-51483\" target=\"_blank\" rel=\"noreferrer noopener\">https:\/\/www.lfv.steiermark.at\/desktopdefault.aspx\/tabid-1634\/2484_read-51483<\/a><\/p>\n\n\n\n<figure class=\"wp-block-gallery has-nested-images columns-default is-cropped wp-block-gallery-1 is-layout-flex wp-block-gallery-is-layout-flex\">\n<figure class=\"wp-block-image size-large\"><a href=\"https:\/\/feuerwehr-vorau.at\/site\/wp-content\/uploads\/2025\/02\/PXL_20250215_070811599-1-scaled.jpg\"><img fetchpriority=\"high\" fetchpriority=\"high\" decoding=\"async\" width=\"1024\" height=\"768\" data-id=\"4704\" src=\"https:\/\/feuerwehr-vorau.at\/site\/wp-content\/uploads\/2025\/02\/PXL_20250215_070811599-1-1024x768.jpg\" alt=\"\" class=\"wp-image-4704\" srcset=\"https:\/\/feuerwehr-vorau.at\/site\/wp-content\/uploads\/2025\/02\/PXL_20250215_070811599-1-980x735.jpg 980w, https:\/\/feuerwehr-vorau.at\/site\/wp-content\/uploads\/2025\/02\/PXL_20250215_070811599-1-480x360.jpg 480w\" sizes=\"(min-width: 0px) and (max-width: 480px) 480px, (min-width: 481px) and (max-width: 980px) 980px, (min-width: 981px) 1024px, 100vw\" \/><\/a><\/figure>\n\n\n\n<figure class=\"wp-block-image size-large\"><a href=\"https:\/\/feuerwehr-vorau.at\/site\/wp-content\/uploads\/2025\/02\/PXL_20250215_073951574-1-scaled.jpg\"><img decoding=\"async\" width=\"1024\" height=\"768\" data-id=\"4705\" src=\"https:\/\/feuerwehr-vorau.at\/site\/wp-content\/uploads\/2025\/02\/PXL_20250215_073951574-1-1024x768.jpg\" alt=\"\" class=\"wp-image-4705\" srcset=\"https:\/\/feuerwehr-vorau.at\/site\/wp-content\/uploads\/2025\/02\/PXL_20250215_073951574-1-980x735.jpg 980w, https:\/\/feuerwehr-vorau.at\/site\/wp-content\/uploads\/2025\/02\/PXL_20250215_073951574-1-480x360.jpg 480w\" sizes=\"(min-width: 0px) and (max-width: 480px) 480px, (min-width: 481px) and (max-width: 980px) 980px, (min-width: 981px) 1024px, 100vw\" \/><\/a><\/figure>\n<\/figure>\n","protected":false},"excerpt":{"rendered":"<p>Am Samstag, dem 15.02.2025 wurde der Funkgrundlehrgang des ersten Halbjahres 2025 des BFV Hartberg in den R\u00e4umlichkeiten der FF-Vorau abgehalten. Als Veranstaltung des Bereichsfeuerwehrverbandes waren dabei Teilnehmer aus dem gesamten &#8222;Bereich Hartberg&#8220; vertreten, um Grundlagen und Handhabung des Feuerwehrfunks theoretisch und auch in der Praxis zu erlernen. Das Ereignis wurde LIVE aus dem Feuerwehrhaus P\u00f6llau [&hellip;]<\/p>\n","protected":false},"author":3,"featured_media":4702,"comment_status":"open","ping_status":"open","sticky":false,"template":"","format":"standard","meta":{"_et_pb_use_builder":"off","_et_pb_old_content":"","_et_gb_content_width":"","inline_featured_image":false,"_vp_format_video_url":"","_vp_image_focal_point":[],"footnotes":""},"categories":[26],"tags":[],"class_list":["post-4701","post","type-post","status-publish","format-standard","has-post-thumbnail","hentry","category-sonstiges"],"_links":{"self":[{"href":"https:\/\/feuerwehr-vorau.at\/site\/wp-json\/wp\/v2\/posts\/4701","targetHints":{"allow":["GET"]}}],"collection":[{"href":"https:\/\/feuerwehr-vorau.at\/site\/wp-json\/wp\/v2\/posts"}],"about":[{"href":"https:\/\/feuerwehr-vorau.at\/site\/wp-json\/wp\/v2\/types\/post"}],"author":[{"embeddable":true,"href":"https:\/\/feuerwehr-vorau.at\/site\/wp-json\/wp\/v2\/users\/3"}],"replies":[{"embeddable":true,"href":"https:\/\/feuerwehr-vorau.at\/site\/wp-json\/wp\/v2\/comments?post=4701"}],"version-history":[{"count":1,"href":"https:\/\/feuerwehr-vorau.at\/site\/wp-json\/wp\/v2\/posts\/4701\/revisions"}],"predecessor-version":[{"id":4706,"href":"https:\/\/feuerwehr-vorau.at\/site\/wp-json\/wp\/v2\/posts\/4701\/revisions\/4706"}],"wp:featuredmedia":[{"embeddable":true,"href":"https:\/\/feuerwehr-vorau.at\/site\/wp-json\/wp\/v2\/media\/4702"}],"wp:attachment":[{"href":"https:\/\/feuerwehr-vorau.at\/site\/wp-json\/wp\/v2\/media?parent=4701"}],"wp:term":[{"taxonomy":"category","embeddable":true,"href":"https:\/\/feuerwehr-vorau.at\/site\/wp-json\/wp\/v2\/categories?post=4701"},{"taxonomy":"post_tag","embeddable":true,"href":"https:\/\/feuerwehr-vorau.at\/site\/wp-json\/wp\/v2\/tags?post=4701"}],"curies":[{"name":"wp","href":"https:\/\/api.w.org\/{rel}","templated":true}]}}