{"id":4300,"date":"2024-10-19T18:33:29","date_gmt":"2024-10-19T16:33:29","guid":{"rendered":"https:\/\/feuerwehr-vorau.at\/site\/?p=4300"},"modified":"2024-10-20T18:39:11","modified_gmt":"2024-10-20T16:39:11","slug":"abschnitts-funkuebung-in-vorau","status":"publish","type":"post","link":"https:\/\/feuerwehr-vorau.at\/site\/abschnitts-funkuebung-in-vorau\/","title":{"rendered":"Abschnitts-Funk\u00fcbung in Vorau"},"content":{"rendered":"\n<p>Am Freitag, dem 18.10.2024, fand die Abschnitts-Funk\u00fcbung des Abschnittes 5 in Vorau statt. Annahme dieser \u00dcbung war ein Szenario nach einem Unwetterereignis im Vorauer Kessel mit diversen offenen Schadenslagen im Gemeindegebiet. \u00dcbungsziel war die Bew\u00e4ltigung dieser Schadenslagen im F\u00fchrungsstab w\u00e4hrend eines solchen Szenarios. Ein &#8222;Stab&#8220; ist eine vor\u00fcbergehend gebildete Einheit, die einem Einsatzleiter f\u00fcr die Dauer des Ereignisses zur Verf\u00fcgung steht, um die F\u00fclle an Aufgaben koordiniert und zielgerichtet abarbeiten zu k\u00f6nnen. Sie umfasst verschiedene Funktionen von der Lagef\u00fchrung \u00fcber Versorgung bis zur Pressearbeit.<\/p>\n\n\n\n<p>In der \u00a0knapp zweist\u00fcndigen \u00dcbung wurden F\u00fchrungskonzepte erprobt und angewandt, um die unweigerliche &#8222;Chaosphase&#8220; w\u00e4hrend einer solchen F\u00fclle von Hilferufen bew\u00e4ltigen und effektiv Schritte zur Gefahrenabwehr setzen zu k\u00f6nnen. Bei den fiktiven Szenarien wurden die angenommenen Einsatzorte tats\u00e4chlich angefahren und \u00fcber Ma\u00dfnahmen entschieden, wie sie im Ernstfall gesetzt werden w\u00fcrden. Die gesammelten Erkenntnisse wurden abschlie\u00dfend bewertet und Anleitungen f\u00fcr den Ernstfall erarbeitet, um solch fordernde Szenarien bestm\u00f6glich bedienen\u00a0zu k\u00f6nnen.<\/p>\n\n\n\n<p>Den Abschluss fand die \u00dcbung bei der Verpflegung in der Fahrzeughalle der FF-Vorau; vielen Dank an den Bereichs-Funkbeauftragten OBI d. F. Hannes Haindl sowie Abschnitts-Funkbeauftragen OBI Johannes Schantl f\u00fcr die Anleitung und Koordination w\u00e4hrend der \u00dcbung.<\/p>\n\n\n\n<figure class=\"wp-block-gallery has-nested-images columns-default is-cropped wp-block-gallery-1 is-layout-flex wp-block-gallery-is-layout-flex\">\n<figure class=\"wp-block-image size-large\"><a href=\"https:\/\/feuerwehr-vorau.at\/site\/wp-content\/uploads\/2024\/10\/PXL_20241018_173503209-scaled.jpg\"><img fetchpriority=\"high\" fetchpriority=\"high\" decoding=\"async\" width=\"1024\" height=\"768\" data-id=\"4307\" src=\"https:\/\/feuerwehr-vorau.at\/site\/wp-content\/uploads\/2024\/10\/PXL_20241018_173503209-1024x768.jpg\" alt=\"\" class=\"wp-image-4307\" srcset=\"https:\/\/feuerwehr-vorau.at\/site\/wp-content\/uploads\/2024\/10\/PXL_20241018_173503209-980x735.jpg 980w, https:\/\/feuerwehr-vorau.at\/site\/wp-content\/uploads\/2024\/10\/PXL_20241018_173503209-480x360.jpg 480w\" sizes=\"(min-width: 0px) and (max-width: 480px) 480px, (min-width: 481px) and (max-width: 980px) 980px, (min-width: 981px) 1024px, 100vw\" \/><\/a><\/figure>\n\n\n\n<figure class=\"wp-block-image size-large\"><a href=\"https:\/\/feuerwehr-vorau.at\/site\/wp-content\/uploads\/2024\/10\/PXL_20241018_173650701.MP_-scaled.jpg\"><img decoding=\"async\" width=\"1024\" height=\"768\" data-id=\"4305\" src=\"https:\/\/feuerwehr-vorau.at\/site\/wp-content\/uploads\/2024\/10\/PXL_20241018_173650701.MP_-1024x768.jpg\" alt=\"\" class=\"wp-image-4305\" srcset=\"https:\/\/feuerwehr-vorau.at\/site\/wp-content\/uploads\/2024\/10\/PXL_20241018_173650701.MP_-980x735.jpg 980w, https:\/\/feuerwehr-vorau.at\/site\/wp-content\/uploads\/2024\/10\/PXL_20241018_173650701.MP_-480x360.jpg 480w\" sizes=\"(min-width: 0px) and (max-width: 480px) 480px, (min-width: 481px) and (max-width: 980px) 980px, (min-width: 981px) 1024px, 100vw\" \/><\/a><\/figure>\n\n\n\n<figure class=\"wp-block-image size-large\"><a href=\"https:\/\/feuerwehr-vorau.at\/site\/wp-content\/uploads\/2024\/10\/PXL_20241018_174830370-scaled.jpg\"><img decoding=\"async\" width=\"1024\" height=\"768\" data-id=\"4306\" src=\"https:\/\/feuerwehr-vorau.at\/site\/wp-content\/uploads\/2024\/10\/PXL_20241018_174830370-1024x768.jpg\" alt=\"\" class=\"wp-image-4306\" srcset=\"https:\/\/feuerwehr-vorau.at\/site\/wp-content\/uploads\/2024\/10\/PXL_20241018_174830370-980x735.jpg 980w, https:\/\/feuerwehr-vorau.at\/site\/wp-content\/uploads\/2024\/10\/PXL_20241018_174830370-480x360.jpg 480w\" sizes=\"(min-width: 0px) and (max-width: 480px) 480px, (min-width: 481px) and (max-width: 980px) 980px, (min-width: 981px) 1024px, 100vw\" \/><\/a><\/figure>\n\n\n\n<figure class=\"wp-block-image size-large\"><a href=\"https:\/\/feuerwehr-vorau.at\/site\/wp-content\/uploads\/2024\/10\/PXL_20241018_180734195-scaled.jpg\"><img loading=\"lazy\" loading=\"lazy\" decoding=\"async\" width=\"1024\" height=\"768\" data-id=\"4304\" src=\"https:\/\/feuerwehr-vorau.at\/site\/wp-content\/uploads\/2024\/10\/PXL_20241018_180734195-1024x768.jpg\" alt=\"\" class=\"wp-image-4304\" srcset=\"https:\/\/feuerwehr-vorau.at\/site\/wp-content\/uploads\/2024\/10\/PXL_20241018_180734195-980x735.jpg 980w, https:\/\/feuerwehr-vorau.at\/site\/wp-content\/uploads\/2024\/10\/PXL_20241018_180734195-480x360.jpg 480w\" sizes=\"(min-width: 0px) and (max-width: 480px) 480px, (min-width: 481px) and (max-width: 980px) 980px, (min-width: 981px) 1024px, 100vw\" \/><\/a><\/figure>\n\n\n\n<figure class=\"wp-block-image size-large\"><a href=\"https:\/\/feuerwehr-vorau.at\/site\/wp-content\/uploads\/2024\/10\/PXL_20241018_180955302.MP_-scaled.jpg\"><img loading=\"lazy\" loading=\"lazy\" decoding=\"async\" width=\"768\" height=\"1024\" data-id=\"4308\" src=\"https:\/\/feuerwehr-vorau.at\/site\/wp-content\/uploads\/2024\/10\/PXL_20241018_180955302.MP_-768x1024.jpg\" alt=\"\" class=\"wp-image-4308\"\/><\/a><\/figure>\n\n\n\n<figure class=\"wp-block-image size-large\"><a href=\"https:\/\/feuerwehr-vorau.at\/site\/wp-content\/uploads\/2024\/10\/PXL_20241018_184142804.MP_-scaled.jpg\"><img loading=\"lazy\" loading=\"lazy\" decoding=\"async\" width=\"1024\" height=\"768\" data-id=\"4302\" src=\"https:\/\/feuerwehr-vorau.at\/site\/wp-content\/uploads\/2024\/10\/PXL_20241018_184142804.MP_-1024x768.jpg\" alt=\"\" class=\"wp-image-4302\" srcset=\"https:\/\/feuerwehr-vorau.at\/site\/wp-content\/uploads\/2024\/10\/PXL_20241018_184142804.MP_-980x735.jpg 980w, https:\/\/feuerwehr-vorau.at\/site\/wp-content\/uploads\/2024\/10\/PXL_20241018_184142804.MP_-480x360.jpg 480w\" sizes=\"(min-width: 0px) and (max-width: 480px) 480px, (min-width: 481px) and (max-width: 980px) 980px, (min-width: 981px) 1024px, 100vw\" \/><\/a><\/figure>\n\n\n\n<figure class=\"wp-block-image size-large\"><a href=\"https:\/\/feuerwehr-vorau.at\/site\/wp-content\/uploads\/2024\/10\/PXL_20241018_184201890-scaled.jpg\"><img loading=\"lazy\" loading=\"lazy\" decoding=\"async\" width=\"1024\" height=\"768\" data-id=\"4303\" src=\"https:\/\/feuerwehr-vorau.at\/site\/wp-content\/uploads\/2024\/10\/PXL_20241018_184201890-1024x768.jpg\" alt=\"\" class=\"wp-image-4303\" srcset=\"https:\/\/feuerwehr-vorau.at\/site\/wp-content\/uploads\/2024\/10\/PXL_20241018_184201890-980x735.jpg 980w, https:\/\/feuerwehr-vorau.at\/site\/wp-content\/uploads\/2024\/10\/PXL_20241018_184201890-480x360.jpg 480w\" sizes=\"(min-width: 0px) and (max-width: 480px) 480px, (min-width: 481px) and (max-width: 980px) 980px, (min-width: 981px) 1024px, 100vw\" \/><\/a><\/figure>\n<\/figure>\n","protected":false},"excerpt":{"rendered":"<p>Am Freitag, dem 18.10.2024, fand die Abschnitts-Funk\u00fcbung des Abschnittes 5 in Vorau statt. Annahme dieser \u00dcbung war ein Szenario nach einem Unwetterereignis im Vorauer Kessel mit diversen offenen Schadenslagen im Gemeindegebiet. \u00dcbungsziel war die Bew\u00e4ltigung dieser Schadenslagen im F\u00fchrungsstab w\u00e4hrend eines solchen Szenarios. Ein &#8222;Stab&#8220; ist eine vor\u00fcbergehend gebildete Einheit, die einem Einsatzleiter f\u00fcr die [&hellip;]<\/p>\n","protected":false},"author":3,"featured_media":4301,"comment_status":"open","ping_status":"open","sticky":false,"template":"","format":"standard","meta":{"_et_pb_use_builder":"off","_et_pb_old_content":"","_et_gb_content_width":"","inline_featured_image":false,"_vp_format_video_url":"","_vp_image_focal_point":[],"footnotes":""},"categories":[25],"tags":[],"class_list":["post-4300","post","type-post","status-publish","format-standard","has-post-thumbnail","hentry","category-uebungen"],"_links":{"self":[{"href":"https:\/\/feuerwehr-vorau.at\/site\/wp-json\/wp\/v2\/posts\/4300","targetHints":{"allow":["GET"]}}],"collection":[{"href":"https:\/\/feuerwehr-vorau.at\/site\/wp-json\/wp\/v2\/posts"}],"about":[{"href":"https:\/\/feuerwehr-vorau.at\/site\/wp-json\/wp\/v2\/types\/post"}],"author":[{"embeddable":true,"href":"https:\/\/feuerwehr-vorau.at\/site\/wp-json\/wp\/v2\/users\/3"}],"replies":[{"embeddable":true,"href":"https:\/\/feuerwehr-vorau.at\/site\/wp-json\/wp\/v2\/comments?post=4300"}],"version-history":[{"count":0,"href":"https:\/\/feuerwehr-vorau.at\/site\/wp-json\/wp\/v2\/posts\/4300\/revisions"}],"wp:featuredmedia":[{"embeddable":true,"href":"https:\/\/feuerwehr-vorau.at\/site\/wp-json\/wp\/v2\/media\/4301"}],"wp:attachment":[{"href":"https:\/\/feuerwehr-vorau.at\/site\/wp-json\/wp\/v2\/media?parent=4300"}],"wp:term":[{"taxonomy":"category","embeddable":true,"href":"https:\/\/feuerwehr-vorau.at\/site\/wp-json\/wp\/v2\/categories?post=4300"},{"taxonomy":"post_tag","embeddable":true,"href":"https:\/\/feuerwehr-vorau.at\/site\/wp-json\/wp\/v2\/tags?post=4300"}],"curies":[{"name":"wp","href":"https:\/\/api.w.org\/{rel}","templated":true}]}}