{"id":4265,"date":"2024-10-06T19:29:25","date_gmt":"2024-10-06T17:29:25","guid":{"rendered":"https:\/\/feuerwehr-vorau.at\/site\/?p=4265"},"modified":"2024-10-06T19:29:26","modified_gmt":"2024-10-06T17:29:26","slug":"24h-uebung-der-feuerwehrjugend","status":"publish","type":"post","link":"https:\/\/feuerwehr-vorau.at\/site\/24h-uebung-der-feuerwehrjugend\/","title":{"rendered":"24h \u00dcbung der Feuerwehrjugend"},"content":{"rendered":"\n<p>Von Freitag auf Samstag, 04-05. Oktober 2024, fand die diesj\u00e4hrige 24h \u00dcbung der Feuerwehrjugend von Vorau in Wenigzell statt. Gemeinsam mit den Wehren des Abschnittes 5, der FF Eichberg, FF St. Jakob im Walde, FF M\u00f6nichwald, FF St. Lorenzen am Wechsel, FF Rohrbach an der Lafnitz und der FF Wenigzell erlebten unsere Nachwuchstalente eine spannende Zeit. Mehr als 40 Jungflorianis konnten bei dieser \u00dcbung ihr Wissen im Feuerwehrwesen hautnah testen. Dabei wurde ein Holzstapelbrand bek\u00e4mpft sowie eine Suchaktion simuliert. Parallel zum \u00dcbungsalltag, wurde u.a. das Hallenbad von Wenigzell unsicher gemacht. Der Spa\u00df kam im Zuge des Events auf alle F\u00e4lle nicht zu kurz.<\/p>\n\n\n\n<p>Wir m\u00f6chten uns nochmals herzlich bei den Gastgebern, der FF-Wenigzell f\u00fcr die tolle Organisation bedanken.<\/p>\n\n\n\n<figure class=\"wp-block-gallery has-nested-images columns-default is-cropped wp-block-gallery-1 is-layout-flex wp-block-gallery-is-layout-flex\">\n<figure class=\"wp-block-image size-large\"><a href=\"https:\/\/feuerwehr-vorau.at\/site\/wp-content\/uploads\/2024\/10\/01.jpg\"><img fetchpriority=\"high\" fetchpriority=\"high\" decoding=\"async\" width=\"1024\" height=\"768\" data-id=\"4271\" src=\"https:\/\/feuerwehr-vorau.at\/site\/wp-content\/uploads\/2024\/10\/01-1024x768.jpg\" alt=\"\" class=\"wp-image-4271\" srcset=\"https:\/\/feuerwehr-vorau.at\/site\/wp-content\/uploads\/2024\/10\/01-980x735.jpg 980w, https:\/\/feuerwehr-vorau.at\/site\/wp-content\/uploads\/2024\/10\/01-480x360.jpg 480w\" sizes=\"(min-width: 0px) and (max-width: 480px) 480px, (min-width: 481px) and (max-width: 980px) 980px, (min-width: 981px) 1024px, 100vw\" \/><\/a><\/figure>\n\n\n\n<figure class=\"wp-block-image size-large\"><a href=\"https:\/\/feuerwehr-vorau.at\/site\/wp-content\/uploads\/2024\/10\/02.jpg\"><img decoding=\"async\" width=\"1024\" height=\"768\" data-id=\"4267\" src=\"https:\/\/feuerwehr-vorau.at\/site\/wp-content\/uploads\/2024\/10\/02-1024x768.jpg\" alt=\"\" class=\"wp-image-4267\" srcset=\"https:\/\/feuerwehr-vorau.at\/site\/wp-content\/uploads\/2024\/10\/02-980x735.jpg 980w, https:\/\/feuerwehr-vorau.at\/site\/wp-content\/uploads\/2024\/10\/02-480x360.jpg 480w\" sizes=\"(min-width: 0px) and (max-width: 480px) 480px, (min-width: 481px) and (max-width: 980px) 980px, (min-width: 981px) 1024px, 100vw\" \/><\/a><\/figure>\n\n\n\n<figure class=\"wp-block-image size-large\"><a href=\"https:\/\/feuerwehr-vorau.at\/site\/wp-content\/uploads\/2024\/10\/03.jpeg\"><img decoding=\"async\" width=\"1024\" height=\"639\" data-id=\"4270\" src=\"https:\/\/feuerwehr-vorau.at\/site\/wp-content\/uploads\/2024\/10\/03-1024x639.jpeg\" alt=\"\" class=\"wp-image-4270\" srcset=\"https:\/\/feuerwehr-vorau.at\/site\/wp-content\/uploads\/2024\/10\/03-980x611.jpeg 980w, https:\/\/feuerwehr-vorau.at\/site\/wp-content\/uploads\/2024\/10\/03-480x299.jpeg 480w\" sizes=\"(min-width: 0px) and (max-width: 480px) 480px, (min-width: 481px) and (max-width: 980px) 980px, (min-width: 981px) 1024px, 100vw\" \/><\/a><\/figure>\n\n\n\n<figure class=\"wp-block-image size-large\"><a href=\"https:\/\/feuerwehr-vorau.at\/site\/wp-content\/uploads\/2024\/10\/04.jpeg\"><img loading=\"lazy\" loading=\"lazy\" decoding=\"async\" width=\"1024\" height=\"369\" data-id=\"4268\" src=\"https:\/\/feuerwehr-vorau.at\/site\/wp-content\/uploads\/2024\/10\/04-1024x369.jpeg\" alt=\"\" class=\"wp-image-4268\" srcset=\"https:\/\/feuerwehr-vorau.at\/site\/wp-content\/uploads\/2024\/10\/04-980x353.jpeg 980w, https:\/\/feuerwehr-vorau.at\/site\/wp-content\/uploads\/2024\/10\/04-480x173.jpeg 480w\" sizes=\"(min-width: 0px) and (max-width: 480px) 480px, (min-width: 481px) and (max-width: 980px) 980px, (min-width: 981px) 1024px, 100vw\" \/><\/a><\/figure>\n\n\n\n<figure class=\"wp-block-image size-large\"><a href=\"https:\/\/feuerwehr-vorau.at\/site\/wp-content\/uploads\/2024\/10\/05.jpeg\"><img loading=\"lazy\" loading=\"lazy\" decoding=\"async\" width=\"1024\" height=\"768\" data-id=\"4269\" src=\"https:\/\/feuerwehr-vorau.at\/site\/wp-content\/uploads\/2024\/10\/05-1024x768.jpeg\" alt=\"\" class=\"wp-image-4269\" srcset=\"https:\/\/feuerwehr-vorau.at\/site\/wp-content\/uploads\/2024\/10\/05-980x735.jpeg 980w, https:\/\/feuerwehr-vorau.at\/site\/wp-content\/uploads\/2024\/10\/05-480x360.jpeg 480w\" sizes=\"(min-width: 0px) and (max-width: 480px) 480px, (min-width: 481px) and (max-width: 980px) 980px, (min-width: 981px) 1024px, 100vw\" \/><\/a><\/figure>\n\n\n\n<figure class=\"wp-block-image size-large\"><a href=\"https:\/\/feuerwehr-vorau.at\/site\/wp-content\/uploads\/2024\/10\/06.jpeg\"><img loading=\"lazy\" loading=\"lazy\" decoding=\"async\" width=\"1024\" height=\"574\" data-id=\"4266\" src=\"https:\/\/feuerwehr-vorau.at\/site\/wp-content\/uploads\/2024\/10\/06-1024x574.jpeg\" alt=\"\" class=\"wp-image-4266\" srcset=\"https:\/\/feuerwehr-vorau.at\/site\/wp-content\/uploads\/2024\/10\/06-980x550.jpeg 980w, https:\/\/feuerwehr-vorau.at\/site\/wp-content\/uploads\/2024\/10\/06-480x269.jpeg 480w\" sizes=\"(min-width: 0px) and (max-width: 480px) 480px, (min-width: 481px) and (max-width: 980px) 980px, (min-width: 981px) 1024px, 100vw\" \/><\/a><\/figure>\n<\/figure>\n","protected":false},"excerpt":{"rendered":"<p>Von Freitag auf Samstag, 04-05. Oktober 2024, fand die diesj\u00e4hrige 24h \u00dcbung der Feuerwehrjugend von Vorau in Wenigzell statt. Gemeinsam mit den Wehren des Abschnittes 5, der FF Eichberg, FF St. Jakob im Walde, FF M\u00f6nichwald, FF St. Lorenzen am Wechsel, FF Rohrbach an der Lafnitz und der FF Wenigzell erlebten unsere Nachwuchstalente eine spannende [&hellip;]<\/p>\n","protected":false},"author":3,"featured_media":4272,"comment_status":"open","ping_status":"open","sticky":false,"template":"","format":"standard","meta":{"_et_pb_use_builder":"off","_et_pb_old_content":"","_et_gb_content_width":"","inline_featured_image":false,"_vp_format_video_url":"","_vp_image_focal_point":[],"footnotes":""},"categories":[25],"tags":[],"class_list":["post-4265","post","type-post","status-publish","format-standard","has-post-thumbnail","hentry","category-uebungen"],"_links":{"self":[{"href":"https:\/\/feuerwehr-vorau.at\/site\/wp-json\/wp\/v2\/posts\/4265","targetHints":{"allow":["GET"]}}],"collection":[{"href":"https:\/\/feuerwehr-vorau.at\/site\/wp-json\/wp\/v2\/posts"}],"about":[{"href":"https:\/\/feuerwehr-vorau.at\/site\/wp-json\/wp\/v2\/types\/post"}],"author":[{"embeddable":true,"href":"https:\/\/feuerwehr-vorau.at\/site\/wp-json\/wp\/v2\/users\/3"}],"replies":[{"embeddable":true,"href":"https:\/\/feuerwehr-vorau.at\/site\/wp-json\/wp\/v2\/comments?post=4265"}],"version-history":[{"count":0,"href":"https:\/\/feuerwehr-vorau.at\/site\/wp-json\/wp\/v2\/posts\/4265\/revisions"}],"wp:featuredmedia":[{"embeddable":true,"href":"https:\/\/feuerwehr-vorau.at\/site\/wp-json\/wp\/v2\/media\/4272"}],"wp:attachment":[{"href":"https:\/\/feuerwehr-vorau.at\/site\/wp-json\/wp\/v2\/media?parent=4265"}],"wp:term":[{"taxonomy":"category","embeddable":true,"href":"https:\/\/feuerwehr-vorau.at\/site\/wp-json\/wp\/v2\/categories?post=4265"},{"taxonomy":"post_tag","embeddable":true,"href":"https:\/\/feuerwehr-vorau.at\/site\/wp-json\/wp\/v2\/tags?post=4265"}],"curies":[{"name":"wp","href":"https:\/\/api.w.org\/{rel}","templated":true}]}}