{"id":4249,"date":"2024-09-22T20:14:21","date_gmt":"2024-09-22T18:14:21","guid":{"rendered":"https:\/\/feuerwehr-vorau.at\/site\/?p=4249"},"modified":"2024-09-27T20:18:56","modified_gmt":"2024-09-27T18:18:56","slug":"feuerwehrausflug-2024","status":"publish","type":"post","link":"https:\/\/feuerwehr-vorau.at\/site\/feuerwehrausflug-2024\/","title":{"rendered":"Feuerwehrausflug 2024"},"content":{"rendered":"\n<p>Am Samstag, dem 21.09.2024 fand unser diesj\u00e4hriger Feuerwehrausflug statt.<\/p>\n\n\n\n<p>Mit dem Bus ging es f\u00fcr uns in unsere Landeshauptstadt nach Graz.<br>Erste Station war ein Besuch bei der Grazer Berufsfeuerwehr, genauer gesagt bei der Zentralfeuerwache am Lendplatz. Nach spannenden Einsichten im st\u00e4dtischen Feuerwehrgeschehen folgte nach einer St\u00e4rkung eine Stadtf\u00fchrung durch die Grazer Innenstadt. Zum kr\u00f6nenden Abschluss war initial eine Flo\u00dffahrt entlang der Mur geplant. Diese musste aufgrund der Witterungsumst\u00e4nde jedoch kurzerhand abgesagt werden, wodurch wir den Tag lediglich am ruhenden Flo\u00df haben ausklingen lassen. <\/p>\n\n\n\n<p>Danke an unseren Brandmeister Christian Putz f\u00fcr die Planung der Reise und an alle Mitfahrenden f\u00fcr die gemeinsamen Stunden.<\/p>\n\n\n\n<figure class=\"wp-block-gallery has-nested-images columns-default is-cropped wp-block-gallery-1 is-layout-flex wp-block-gallery-is-layout-flex\">\n<figure class=\"wp-block-image size-large\"><a href=\"https:\/\/feuerwehr-vorau.at\/site\/wp-content\/uploads\/2024\/09\/WhatsApp-Image-2024-09-21-at-14.24.10.jpeg\"><img fetchpriority=\"high\" fetchpriority=\"high\" decoding=\"async\" width=\"768\" height=\"1024\" data-id=\"4254\" src=\"https:\/\/feuerwehr-vorau.at\/site\/wp-content\/uploads\/2024\/09\/WhatsApp-Image-2024-09-21-at-14.24.10-768x1024.jpeg\" alt=\"\" class=\"wp-image-4254\"\/><\/a><\/figure>\n\n\n\n<figure class=\"wp-block-image size-large\"><a href=\"https:\/\/feuerwehr-vorau.at\/site\/wp-content\/uploads\/2024\/09\/WhatsApp-Image-2024-09-21-at-21.51.07-1.jpeg\"><img decoding=\"async\" width=\"1024\" height=\"768\" data-id=\"4253\" src=\"https:\/\/feuerwehr-vorau.at\/site\/wp-content\/uploads\/2024\/09\/WhatsApp-Image-2024-09-21-at-21.51.07-1-1024x768.jpeg\" alt=\"\" class=\"wp-image-4253\" srcset=\"https:\/\/feuerwehr-vorau.at\/site\/wp-content\/uploads\/2024\/09\/WhatsApp-Image-2024-09-21-at-21.51.07-1-980x735.jpeg 980w, https:\/\/feuerwehr-vorau.at\/site\/wp-content\/uploads\/2024\/09\/WhatsApp-Image-2024-09-21-at-21.51.07-1-480x360.jpeg 480w\" sizes=\"(min-width: 0px) and (max-width: 480px) 480px, (min-width: 481px) and (max-width: 980px) 980px, (min-width: 981px) 1024px, 100vw\" \/><\/a><\/figure>\n\n\n\n<figure class=\"wp-block-image size-large\"><a href=\"https:\/\/feuerwehr-vorau.at\/site\/wp-content\/uploads\/2024\/09\/WhatsApp-Image-2024-09-21-at-21.51.07.jpeg\"><img decoding=\"async\" width=\"889\" height=\"1024\" data-id=\"4252\" src=\"https:\/\/feuerwehr-vorau.at\/site\/wp-content\/uploads\/2024\/09\/WhatsApp-Image-2024-09-21-at-21.51.07-889x1024.jpeg\" alt=\"\" class=\"wp-image-4252\"\/><\/a><\/figure>\n\n\n\n<figure class=\"wp-block-image size-large\"><a href=\"https:\/\/feuerwehr-vorau.at\/site\/wp-content\/uploads\/2024\/09\/WhatsApp-Image-2024-09-21-at-21.51.08.jpeg\"><img loading=\"lazy\" loading=\"lazy\" decoding=\"async\" width=\"768\" height=\"1024\" data-id=\"4251\" src=\"https:\/\/feuerwehr-vorau.at\/site\/wp-content\/uploads\/2024\/09\/WhatsApp-Image-2024-09-21-at-21.51.08-768x1024.jpeg\" alt=\"\" class=\"wp-image-4251\"\/><\/a><\/figure>\n<\/figure>\n","protected":false},"excerpt":{"rendered":"<p>Am Samstag, dem 21.09.2024 fand unser diesj\u00e4hriger Feuerwehrausflug statt. Mit dem Bus ging es f\u00fcr uns in unsere Landeshauptstadt nach Graz.Erste Station war ein Besuch bei der Grazer Berufsfeuerwehr, genauer gesagt bei der Zentralfeuerwache am Lendplatz. Nach spannenden Einsichten im st\u00e4dtischen Feuerwehrgeschehen folgte nach einer St\u00e4rkung eine Stadtf\u00fchrung durch die Grazer Innenstadt. Zum kr\u00f6nenden Abschluss [&hellip;]<\/p>\n","protected":false},"author":3,"featured_media":4250,"comment_status":"open","ping_status":"open","sticky":false,"template":"","format":"standard","meta":{"_et_pb_use_builder":"off","_et_pb_old_content":"","_et_gb_content_width":"","inline_featured_image":false,"_vp_format_video_url":"","_vp_image_focal_point":[],"footnotes":""},"categories":[26],"tags":[],"class_list":["post-4249","post","type-post","status-publish","format-standard","has-post-thumbnail","hentry","category-sonstiges"],"_links":{"self":[{"href":"https:\/\/feuerwehr-vorau.at\/site\/wp-json\/wp\/v2\/posts\/4249","targetHints":{"allow":["GET"]}}],"collection":[{"href":"https:\/\/feuerwehr-vorau.at\/site\/wp-json\/wp\/v2\/posts"}],"about":[{"href":"https:\/\/feuerwehr-vorau.at\/site\/wp-json\/wp\/v2\/types\/post"}],"author":[{"embeddable":true,"href":"https:\/\/feuerwehr-vorau.at\/site\/wp-json\/wp\/v2\/users\/3"}],"replies":[{"embeddable":true,"href":"https:\/\/feuerwehr-vorau.at\/site\/wp-json\/wp\/v2\/comments?post=4249"}],"version-history":[{"count":0,"href":"https:\/\/feuerwehr-vorau.at\/site\/wp-json\/wp\/v2\/posts\/4249\/revisions"}],"wp:featuredmedia":[{"embeddable":true,"href":"https:\/\/feuerwehr-vorau.at\/site\/wp-json\/wp\/v2\/media\/4250"}],"wp:attachment":[{"href":"https:\/\/feuerwehr-vorau.at\/site\/wp-json\/wp\/v2\/media?parent=4249"}],"wp:term":[{"taxonomy":"category","embeddable":true,"href":"https:\/\/feuerwehr-vorau.at\/site\/wp-json\/wp\/v2\/categories?post=4249"},{"taxonomy":"post_tag","embeddable":true,"href":"https:\/\/feuerwehr-vorau.at\/site\/wp-json\/wp\/v2\/tags?post=4249"}],"curies":[{"name":"wp","href":"https:\/\/api.w.org\/{rel}","templated":true}]}}