{"id":4113,"date":"2024-07-31T21:44:40","date_gmt":"2024-07-31T19:44:40","guid":{"rendered":"https:\/\/feuerwehr-vorau.at\/site\/?p=4113"},"modified":"2024-08-01T21:51:01","modified_gmt":"2024-08-01T19:51:01","slug":"2-tages-fest-2","status":"publish","type":"post","link":"https:\/\/feuerwehr-vorau.at\/site\/2-tages-fest-2\/","title":{"rendered":"2-Tages Fest"},"content":{"rendered":"\n<p>Am vergangenen Wochenende, fand am Samstag 27. Juli sowie am Sonntag 28. Juli unser 2-t\u00e4giges Feuerwehrfest statt. Bei strahlendem Sonnenschein folgten zahlreiche BesucherInnen unserer Einladung.<\/p>\n\n\n\n<p>Am Samstag starteten wir mit einem D\u00e4mmerschoppen, welcher von den Umsatzsteirern musikalisch umrahmt worden ist. Mit einem \u201eW\u00fcrstelstand\u201c sorgte die Crew aus der K\u00fcche f\u00fcr die n\u00f6tige Unterlage unserer G\u00e4ste.<\/p>\n\n\n\n<p>Am Sonntag fand unter den Kl\u00e4ngen der Marktmusikkapelle Vorau unser Fr\u00fchschoppen statt. Unser Kommandant HBI G\u00fcnter Holzer er\u00f6ffnete den Tag mit einer kurzen Ansprache. Im Anschluss daran, erfolgten Ehrungen f\u00fcr die langj\u00e4hrige Unterst\u00fctzung der folgenden Kameraden:<\/p>\n\n\n\n<p>60-j\u00e4hrige Zugeh\u00f6rigkeit<\/p>\n\n\n\n<ul class=\"wp-block-list\">\n<li>E-HLM Rudolf Dirnb\u00f6ck<\/li>\n\n\n\n<li>HFM Alois Kerschbaumer<\/li>\n<\/ul>\n\n\n\n<p>50-j\u00e4hrige Zugeh\u00f6rigkeit<\/p>\n\n\n\n<ul class=\"wp-block-list\">\n<li>E-BI Erwin Hier<\/li>\n\n\n\n<li>LM Ernst Geier<\/li>\n\n\n\n<li>HFM Peter Kolb<\/li>\n<\/ul>\n\n\n\n<p>40-j\u00e4hrige Zugeh\u00f6rigkeit<\/p>\n\n\n\n<ul class=\"wp-block-list\">\n<li>HFM Walter Schweighofer<\/li>\n\n\n\n<li>HFM Franz Gerngro\u00df<\/li>\n<\/ul>\n\n\n\n<p>25-j\u00e4hrige Zugeh\u00f6rigkeit<\/p>\n\n\n\n<ul class=\"wp-block-list\">\n<li>LM d. F. Herbert Zingl<\/li>\n\n\n\n<li>OLM Florian Fellinger<\/li>\n<\/ul>\n\n\n\n<p>Herzlicher Dank an die vielen flei\u00dfigen HelferInnen, insbesondere unseren Festobmann, BM Markus Knapp, der Marktgemeinde Vorau f\u00fcr die Unterst\u00fctzung in der Vor- und Nachbereitung, unseren Sponsoren, Nachbarfeuerwehren bzw. weiter angereiste Feuerwehrfreunde, sowie an die gesch\u00e4tzte Bev\u00f6lkerung die uns wieder so gro\u00dfartig unterst\u00fctzt hat.<\/p>\n\n\n\n<figure class=\"wp-block-gallery has-nested-images columns-default is-cropped wp-block-gallery-1 is-layout-flex wp-block-gallery-is-layout-flex\">\n<figure class=\"wp-block-image size-large\"><a href=\"https:\/\/feuerwehr-vorau.at\/site\/wp-content\/uploads\/2024\/08\/WhatsApp-Image-2024-07-28-at-18.38.57.jpeg\"><img fetchpriority=\"high\" fetchpriority=\"high\" decoding=\"async\" width=\"1024\" height=\"768\" data-id=\"4115\" src=\"https:\/\/feuerwehr-vorau.at\/site\/wp-content\/uploads\/2024\/08\/WhatsApp-Image-2024-07-28-at-18.38.57-1024x768.jpeg\" alt=\"\" class=\"wp-image-4115\" srcset=\"https:\/\/feuerwehr-vorau.at\/site\/wp-content\/uploads\/2024\/08\/WhatsApp-Image-2024-07-28-at-18.38.57-980x735.jpeg 980w, https:\/\/feuerwehr-vorau.at\/site\/wp-content\/uploads\/2024\/08\/WhatsApp-Image-2024-07-28-at-18.38.57-480x360.jpeg 480w\" sizes=\"(min-width: 0px) and (max-width: 480px) 480px, (min-width: 481px) and (max-width: 980px) 980px, (min-width: 981px) 1024px, 100vw\" \/><\/a><\/figure>\n\n\n\n<figure class=\"wp-block-image size-large\"><a href=\"https:\/\/feuerwehr-vorau.at\/site\/wp-content\/uploads\/2024\/08\/WhatsApp-Image-2024-07-28-at-18.38.58-1.jpeg\"><img decoding=\"async\" width=\"768\" height=\"1024\" data-id=\"4121\" src=\"https:\/\/feuerwehr-vorau.at\/site\/wp-content\/uploads\/2024\/08\/WhatsApp-Image-2024-07-28-at-18.38.58-1-768x1024.jpeg\" alt=\"\" class=\"wp-image-4121\"\/><\/a><\/figure>\n\n\n\n<figure class=\"wp-block-image size-large\"><a href=\"https:\/\/feuerwehr-vorau.at\/site\/wp-content\/uploads\/2024\/08\/WhatsApp-Image-2024-07-28-at-18.38.58.jpeg\"><img decoding=\"async\" width=\"1024\" height=\"768\" data-id=\"4122\" src=\"https:\/\/feuerwehr-vorau.at\/site\/wp-content\/uploads\/2024\/08\/WhatsApp-Image-2024-07-28-at-18.38.58-1024x768.jpeg\" alt=\"\" class=\"wp-image-4122\" srcset=\"https:\/\/feuerwehr-vorau.at\/site\/wp-content\/uploads\/2024\/08\/WhatsApp-Image-2024-07-28-at-18.38.58-980x735.jpeg 980w, https:\/\/feuerwehr-vorau.at\/site\/wp-content\/uploads\/2024\/08\/WhatsApp-Image-2024-07-28-at-18.38.58-480x360.jpeg 480w\" sizes=\"(min-width: 0px) and (max-width: 480px) 480px, (min-width: 481px) and (max-width: 980px) 980px, (min-width: 981px) 1024px, 100vw\" \/><\/a><\/figure>\n\n\n\n<figure class=\"wp-block-image size-large\"><a href=\"https:\/\/feuerwehr-vorau.at\/site\/wp-content\/uploads\/2024\/08\/WhatsApp-Image-2024-07-28-at-18.38.59.jpeg\"><img loading=\"lazy\" loading=\"lazy\" decoding=\"async\" width=\"1024\" height=\"768\" data-id=\"4116\" src=\"https:\/\/feuerwehr-vorau.at\/site\/wp-content\/uploads\/2024\/08\/WhatsApp-Image-2024-07-28-at-18.38.59-1024x768.jpeg\" alt=\"\" class=\"wp-image-4116\" srcset=\"https:\/\/feuerwehr-vorau.at\/site\/wp-content\/uploads\/2024\/08\/WhatsApp-Image-2024-07-28-at-18.38.59-980x735.jpeg 980w, https:\/\/feuerwehr-vorau.at\/site\/wp-content\/uploads\/2024\/08\/WhatsApp-Image-2024-07-28-at-18.38.59-480x360.jpeg 480w\" sizes=\"(min-width: 0px) and (max-width: 480px) 480px, (min-width: 481px) and (max-width: 980px) 980px, (min-width: 981px) 1024px, 100vw\" \/><\/a><\/figure>\n\n\n\n<figure class=\"wp-block-image size-large\"><a href=\"https:\/\/feuerwehr-vorau.at\/site\/wp-content\/uploads\/2024\/08\/WhatsApp-Image-2024-07-31-at-12.41.10.jpeg\"><img loading=\"lazy\" loading=\"lazy\" decoding=\"async\" width=\"1024\" height=\"768\" data-id=\"4124\" src=\"https:\/\/feuerwehr-vorau.at\/site\/wp-content\/uploads\/2024\/08\/WhatsApp-Image-2024-07-31-at-12.41.10-1024x768.jpeg\" alt=\"\" class=\"wp-image-4124\" srcset=\"https:\/\/feuerwehr-vorau.at\/site\/wp-content\/uploads\/2024\/08\/WhatsApp-Image-2024-07-31-at-12.41.10-980x735.jpeg 980w, https:\/\/feuerwehr-vorau.at\/site\/wp-content\/uploads\/2024\/08\/WhatsApp-Image-2024-07-31-at-12.41.10-480x360.jpeg 480w\" sizes=\"(min-width: 0px) and (max-width: 480px) 480px, (min-width: 481px) and (max-width: 980px) 980px, (min-width: 981px) 1024px, 100vw\" \/><\/a><\/figure>\n\n\n\n<figure class=\"wp-block-image size-large\"><a href=\"https:\/\/feuerwehr-vorau.at\/site\/wp-content\/uploads\/2024\/08\/WhatsApp-Image-2024-07-31-at-12.41.12-1.jpeg\"><img loading=\"lazy\" loading=\"lazy\" decoding=\"async\" width=\"1024\" height=\"768\" data-id=\"4117\" src=\"https:\/\/feuerwehr-vorau.at\/site\/wp-content\/uploads\/2024\/08\/WhatsApp-Image-2024-07-31-at-12.41.12-1-1024x768.jpeg\" alt=\"\" class=\"wp-image-4117\" srcset=\"https:\/\/feuerwehr-vorau.at\/site\/wp-content\/uploads\/2024\/08\/WhatsApp-Image-2024-07-31-at-12.41.12-1-980x735.jpeg 980w, https:\/\/feuerwehr-vorau.at\/site\/wp-content\/uploads\/2024\/08\/WhatsApp-Image-2024-07-31-at-12.41.12-1-480x360.jpeg 480w\" sizes=\"(min-width: 0px) and (max-width: 480px) 480px, (min-width: 481px) and (max-width: 980px) 980px, (min-width: 981px) 1024px, 100vw\" \/><\/a><\/figure>\n\n\n\n<figure class=\"wp-block-image size-large\"><a href=\"https:\/\/feuerwehr-vorau.at\/site\/wp-content\/uploads\/2024\/08\/WhatsApp-Image-2024-07-31-at-12.41.12-2.jpeg\"><img loading=\"lazy\" loading=\"lazy\" decoding=\"async\" width=\"1024\" height=\"768\" data-id=\"4118\" src=\"https:\/\/feuerwehr-vorau.at\/site\/wp-content\/uploads\/2024\/08\/WhatsApp-Image-2024-07-31-at-12.41.12-2-1024x768.jpeg\" alt=\"\" class=\"wp-image-4118\" srcset=\"https:\/\/feuerwehr-vorau.at\/site\/wp-content\/uploads\/2024\/08\/WhatsApp-Image-2024-07-31-at-12.41.12-2-980x735.jpeg 980w, https:\/\/feuerwehr-vorau.at\/site\/wp-content\/uploads\/2024\/08\/WhatsApp-Image-2024-07-31-at-12.41.12-2-480x360.jpeg 480w\" sizes=\"(min-width: 0px) and (max-width: 480px) 480px, (min-width: 481px) and (max-width: 980px) 980px, (min-width: 981px) 1024px, 100vw\" \/><\/a><\/figure>\n\n\n\n<figure class=\"wp-block-image size-large\"><a href=\"https:\/\/feuerwehr-vorau.at\/site\/wp-content\/uploads\/2024\/08\/WhatsApp-Image-2024-07-31-at-12.41.12.jpeg\"><img loading=\"lazy\" loading=\"lazy\" decoding=\"async\" width=\"1024\" height=\"768\" data-id=\"4120\" src=\"https:\/\/feuerwehr-vorau.at\/site\/wp-content\/uploads\/2024\/08\/WhatsApp-Image-2024-07-31-at-12.41.12-1024x768.jpeg\" alt=\"\" class=\"wp-image-4120\" srcset=\"https:\/\/feuerwehr-vorau.at\/site\/wp-content\/uploads\/2024\/08\/WhatsApp-Image-2024-07-31-at-12.41.12-980x735.jpeg 980w, https:\/\/feuerwehr-vorau.at\/site\/wp-content\/uploads\/2024\/08\/WhatsApp-Image-2024-07-31-at-12.41.12-480x360.jpeg 480w\" sizes=\"(min-width: 0px) and (max-width: 480px) 480px, (min-width: 481px) and (max-width: 980px) 980px, (min-width: 981px) 1024px, 100vw\" \/><\/a><\/figure>\n\n\n\n<figure class=\"wp-block-image size-large\"><a href=\"https:\/\/feuerwehr-vorau.at\/site\/wp-content\/uploads\/2024\/08\/WhatsApp-Image-2024-07-31-at-12.41.11.jpeg\"><img loading=\"lazy\" loading=\"lazy\" decoding=\"async\" width=\"1024\" height=\"768\" data-id=\"4119\" src=\"https:\/\/feuerwehr-vorau.at\/site\/wp-content\/uploads\/2024\/08\/WhatsApp-Image-2024-07-31-at-12.41.11-1024x768.jpeg\" alt=\"\" class=\"wp-image-4119\" srcset=\"https:\/\/feuerwehr-vorau.at\/site\/wp-content\/uploads\/2024\/08\/WhatsApp-Image-2024-07-31-at-12.41.11-980x735.jpeg 980w, https:\/\/feuerwehr-vorau.at\/site\/wp-content\/uploads\/2024\/08\/WhatsApp-Image-2024-07-31-at-12.41.11-480x360.jpeg 480w\" sizes=\"(min-width: 0px) and (max-width: 480px) 480px, (min-width: 481px) and (max-width: 980px) 980px, (min-width: 981px) 1024px, 100vw\" \/><\/a><\/figure>\n<\/figure>\n","protected":false},"excerpt":{"rendered":"<p>Am vergangenen Wochenende, fand am Samstag 27. Juli sowie am Sonntag 28. Juli unser 2-t\u00e4giges Feuerwehrfest statt. Bei strahlendem Sonnenschein folgten zahlreiche BesucherInnen unserer Einladung. Am Samstag starteten wir mit einem D\u00e4mmerschoppen, welcher von den Umsatzsteirern musikalisch umrahmt worden ist. Mit einem \u201eW\u00fcrstelstand\u201c sorgte die Crew aus der K\u00fcche f\u00fcr die n\u00f6tige Unterlage unserer G\u00e4ste. [&hellip;]<\/p>\n","protected":false},"author":3,"featured_media":4114,"comment_status":"open","ping_status":"open","sticky":false,"template":"","format":"standard","meta":{"_et_pb_use_builder":"off","_et_pb_old_content":"","_et_gb_content_width":"","inline_featured_image":false,"_vp_format_video_url":"","_vp_image_focal_point":[],"footnotes":""},"categories":[26],"tags":[],"class_list":["post-4113","post","type-post","status-publish","format-standard","has-post-thumbnail","hentry","category-sonstiges"],"_links":{"self":[{"href":"https:\/\/feuerwehr-vorau.at\/site\/wp-json\/wp\/v2\/posts\/4113","targetHints":{"allow":["GET"]}}],"collection":[{"href":"https:\/\/feuerwehr-vorau.at\/site\/wp-json\/wp\/v2\/posts"}],"about":[{"href":"https:\/\/feuerwehr-vorau.at\/site\/wp-json\/wp\/v2\/types\/post"}],"author":[{"embeddable":true,"href":"https:\/\/feuerwehr-vorau.at\/site\/wp-json\/wp\/v2\/users\/3"}],"replies":[{"embeddable":true,"href":"https:\/\/feuerwehr-vorau.at\/site\/wp-json\/wp\/v2\/comments?post=4113"}],"version-history":[{"count":0,"href":"https:\/\/feuerwehr-vorau.at\/site\/wp-json\/wp\/v2\/posts\/4113\/revisions"}],"wp:featuredmedia":[{"embeddable":true,"href":"https:\/\/feuerwehr-vorau.at\/site\/wp-json\/wp\/v2\/media\/4114"}],"wp:attachment":[{"href":"https:\/\/feuerwehr-vorau.at\/site\/wp-json\/wp\/v2\/media?parent=4113"}],"wp:term":[{"taxonomy":"category","embeddable":true,"href":"https:\/\/feuerwehr-vorau.at\/site\/wp-json\/wp\/v2\/categories?post=4113"},{"taxonomy":"post_tag","embeddable":true,"href":"https:\/\/feuerwehr-vorau.at\/site\/wp-json\/wp\/v2\/tags?post=4113"}],"curies":[{"name":"wp","href":"https:\/\/api.w.org\/{rel}","templated":true}]}}