{"id":4007,"date":"2024-07-09T07:04:43","date_gmt":"2024-07-09T05:04:43","guid":{"rendered":"https:\/\/feuerwehr-vorau.at\/site\/?p=4007"},"modified":"2024-07-09T07:05:45","modified_gmt":"2024-07-09T05:05:45","slug":"dachdecken-beim-wirtschaftsgebaeudebrand-in-puchegg","status":"publish","type":"post","link":"https:\/\/feuerwehr-vorau.at\/site\/dachdecken-beim-wirtschaftsgebaeudebrand-in-puchegg\/","title":{"rendered":"Dachdecken beim Wirtschaftsgeb\u00e4udebrand in Puchegg"},"content":{"rendered":"\n<p>Nachdem beim Wirtschaftsgeb\u00e4udebrand am Sonntag in Puchegg auch das Wohngeb\u00e4ude stark in Mitleidenschaft gezogen worden war, wurde am Abend des folgenden Montags ein Teil des Daches mit Planen abgedeckt. Weiters wurden noch Nachl\u00f6scharbeiten am Wirtschaftsgeb\u00e4ude durchgef\u00fchrt.<\/p>\n\n\n\n<p>Im Einsatz waren das HLF4 und das MZFA mit insgesamt 9 Kameradinnen\/Kameraden.<\/p>\n\n\n\n<figure class=\"wp-block-gallery has-nested-images columns-default is-cropped wp-block-gallery-1 is-layout-flex wp-block-gallery-is-layout-flex\">\n<figure class=\"wp-block-image size-large\"><a href=\"https:\/\/feuerwehr-vorau.at\/site\/wp-content\/uploads\/2024\/07\/01_1024x.jpg\"><img fetchpriority=\"high\" fetchpriority=\"high\" decoding=\"async\" width=\"1024\" height=\"768\" data-id=\"4008\" src=\"https:\/\/feuerwehr-vorau.at\/site\/wp-content\/uploads\/2024\/07\/01_1024x.jpg\" alt=\"\" class=\"wp-image-4008\" srcset=\"https:\/\/feuerwehr-vorau.at\/site\/wp-content\/uploads\/2024\/07\/01_1024x.jpg 1024w, https:\/\/feuerwehr-vorau.at\/site\/wp-content\/uploads\/2024\/07\/01_1024x-980x735.jpg 980w, https:\/\/feuerwehr-vorau.at\/site\/wp-content\/uploads\/2024\/07\/01_1024x-480x360.jpg 480w\" sizes=\"(min-width: 0px) and (max-width: 480px) 480px, (min-width: 481px) and (max-width: 980px) 980px, (min-width: 981px) 1024px, 100vw\" \/><\/a><\/figure>\n\n\n\n<figure class=\"wp-block-image size-large\"><a href=\"https:\/\/feuerwehr-vorau.at\/site\/wp-content\/uploads\/2024\/07\/02_1024x.jpg\"><img decoding=\"async\" width=\"1024\" height=\"768\" data-id=\"4014\" src=\"https:\/\/feuerwehr-vorau.at\/site\/wp-content\/uploads\/2024\/07\/02_1024x.jpg\" alt=\"\" class=\"wp-image-4014\" srcset=\"https:\/\/feuerwehr-vorau.at\/site\/wp-content\/uploads\/2024\/07\/02_1024x.jpg 1024w, https:\/\/feuerwehr-vorau.at\/site\/wp-content\/uploads\/2024\/07\/02_1024x-980x735.jpg 980w, https:\/\/feuerwehr-vorau.at\/site\/wp-content\/uploads\/2024\/07\/02_1024x-480x360.jpg 480w\" sizes=\"(min-width: 0px) and (max-width: 480px) 480px, (min-width: 481px) and (max-width: 980px) 980px, (min-width: 981px) 1024px, 100vw\" \/><\/a><\/figure>\n\n\n\n<figure class=\"wp-block-image size-large\"><a href=\"https:\/\/feuerwehr-vorau.at\/site\/wp-content\/uploads\/2024\/07\/03_1024x.jpg\"><img decoding=\"async\" width=\"1024\" height=\"768\" data-id=\"4009\" src=\"https:\/\/feuerwehr-vorau.at\/site\/wp-content\/uploads\/2024\/07\/03_1024x.jpg\" alt=\"\" class=\"wp-image-4009\" srcset=\"https:\/\/feuerwehr-vorau.at\/site\/wp-content\/uploads\/2024\/07\/03_1024x.jpg 1024w, https:\/\/feuerwehr-vorau.at\/site\/wp-content\/uploads\/2024\/07\/03_1024x-980x735.jpg 980w, https:\/\/feuerwehr-vorau.at\/site\/wp-content\/uploads\/2024\/07\/03_1024x-480x360.jpg 480w\" sizes=\"(min-width: 0px) and (max-width: 480px) 480px, (min-width: 481px) and (max-width: 980px) 980px, (min-width: 981px) 1024px, 100vw\" \/><\/a><\/figure>\n\n\n\n<figure class=\"wp-block-image size-large\"><a href=\"https:\/\/feuerwehr-vorau.at\/site\/wp-content\/uploads\/2024\/07\/04_1024x.jpg\"><img loading=\"lazy\" loading=\"lazy\" decoding=\"async\" width=\"768\" height=\"1024\" data-id=\"4015\" src=\"https:\/\/feuerwehr-vorau.at\/site\/wp-content\/uploads\/2024\/07\/04_1024x-768x1024.jpg\" alt=\"\" class=\"wp-image-4015\"\/><\/a><\/figure>\n\n\n\n<figure class=\"wp-block-image size-large\"><a href=\"https:\/\/feuerwehr-vorau.at\/site\/wp-content\/uploads\/2024\/07\/05_1024x.jpg\"><img loading=\"lazy\" loading=\"lazy\" decoding=\"async\" width=\"768\" height=\"1024\" data-id=\"4012\" src=\"https:\/\/feuerwehr-vorau.at\/site\/wp-content\/uploads\/2024\/07\/05_1024x-768x1024.jpg\" alt=\"\" class=\"wp-image-4012\"\/><\/a><\/figure>\n\n\n\n<figure class=\"wp-block-image size-large\"><a href=\"https:\/\/feuerwehr-vorau.at\/site\/wp-content\/uploads\/2024\/07\/06_1024x.jpg\"><img loading=\"lazy\" loading=\"lazy\" decoding=\"async\" width=\"768\" height=\"1024\" data-id=\"4011\" src=\"https:\/\/feuerwehr-vorau.at\/site\/wp-content\/uploads\/2024\/07\/06_1024x-768x1024.jpg\" alt=\"\" class=\"wp-image-4011\"\/><\/a><\/figure>\n\n\n\n<figure class=\"wp-block-image size-large\"><a href=\"https:\/\/feuerwehr-vorau.at\/site\/wp-content\/uploads\/2024\/07\/07_1024x.jpg\"><img loading=\"lazy\" loading=\"lazy\" decoding=\"async\" width=\"768\" height=\"1024\" data-id=\"4013\" src=\"https:\/\/feuerwehr-vorau.at\/site\/wp-content\/uploads\/2024\/07\/07_1024x-768x1024.jpg\" alt=\"\" class=\"wp-image-4013\"\/><\/a><\/figure>\n\n\n\n<figure class=\"wp-block-image size-large\"><a href=\"https:\/\/feuerwehr-vorau.at\/site\/wp-content\/uploads\/2024\/07\/08_1024x.jpg\"><img loading=\"lazy\" loading=\"lazy\" decoding=\"async\" width=\"768\" height=\"1024\" data-id=\"4010\" src=\"https:\/\/feuerwehr-vorau.at\/site\/wp-content\/uploads\/2024\/07\/08_1024x-768x1024.jpg\" alt=\"\" class=\"wp-image-4010\"\/><\/a><\/figure>\n<\/figure>\n","protected":false},"excerpt":{"rendered":"<p>Nachdem beim Wirtschaftsgeb\u00e4udebrand am Sonntag in Puchegg auch das Wohngeb\u00e4ude stark in Mitleidenschaft gezogen worden war, wurde am Abend des folgenden Montags ein Teil des Daches mit Planen abgedeckt. Weiters wurden noch Nachl\u00f6scharbeiten am Wirtschaftsgeb\u00e4ude durchgef\u00fchrt. Im Einsatz waren das HLF4 und das MZFA mit insgesamt 9 Kameradinnen\/Kameraden.<\/p>\n","protected":false},"author":1,"featured_media":4010,"comment_status":"open","ping_status":"open","sticky":false,"template":"","format":"standard","meta":{"_et_pb_use_builder":"off","_et_pb_old_content":"","_et_gb_content_width":"","inline_featured_image":false,"_vp_format_video_url":"","_vp_image_focal_point":[],"footnotes":""},"categories":[24],"tags":[],"class_list":["post-4007","post","type-post","status-publish","format-standard","has-post-thumbnail","hentry","category-einsaetze"],"_links":{"self":[{"href":"https:\/\/feuerwehr-vorau.at\/site\/wp-json\/wp\/v2\/posts\/4007","targetHints":{"allow":["GET"]}}],"collection":[{"href":"https:\/\/feuerwehr-vorau.at\/site\/wp-json\/wp\/v2\/posts"}],"about":[{"href":"https:\/\/feuerwehr-vorau.at\/site\/wp-json\/wp\/v2\/types\/post"}],"author":[{"embeddable":true,"href":"https:\/\/feuerwehr-vorau.at\/site\/wp-json\/wp\/v2\/users\/1"}],"replies":[{"embeddable":true,"href":"https:\/\/feuerwehr-vorau.at\/site\/wp-json\/wp\/v2\/comments?post=4007"}],"version-history":[{"count":0,"href":"https:\/\/feuerwehr-vorau.at\/site\/wp-json\/wp\/v2\/posts\/4007\/revisions"}],"wp:featuredmedia":[{"embeddable":true,"href":"https:\/\/feuerwehr-vorau.at\/site\/wp-json\/wp\/v2\/media\/4010"}],"wp:attachment":[{"href":"https:\/\/feuerwehr-vorau.at\/site\/wp-json\/wp\/v2\/media?parent=4007"}],"wp:term":[{"taxonomy":"category","embeddable":true,"href":"https:\/\/feuerwehr-vorau.at\/site\/wp-json\/wp\/v2\/categories?post=4007"},{"taxonomy":"post_tag","embeddable":true,"href":"https:\/\/feuerwehr-vorau.at\/site\/wp-json\/wp\/v2\/tags?post=4007"}],"curies":[{"name":"wp","href":"https:\/\/api.w.org\/{rel}","templated":true}]}}