{"id":3851,"date":"2024-06-09T16:15:30","date_gmt":"2024-06-09T14:15:30","guid":{"rendered":"https:\/\/feuerwehr-vorau.at\/site\/?p=3851"},"modified":"2024-06-09T16:43:05","modified_gmt":"2024-06-09T14:43:05","slug":"schwere-unwetter-im-raum-vorau-tag-1","status":"publish","type":"post","link":"https:\/\/feuerwehr-vorau.at\/site\/schwere-unwetter-im-raum-vorau-tag-1\/","title":{"rendered":"Schwere Unwetter im Raum Vorau \u2013 Tag 1"},"content":{"rendered":"\n<p>Am Samstag, dem 08.06.2024 wurden wir um 20:02Uhr mittels Sirenenalarm zu zahlreichen Eins\u00e4tzen im Vorauer Gemeindegebiet gerufen. Kurze Zeit sp\u00e4ter folgten zahlreiche weitere Alarmierungen, u.a. ert\u00f6nte um 20:11Uhr ein weiteres Mal die Sirene.<\/p>\n\n\n\n<p>Aufgrund der heftigen Niederschl\u00e4ge im Gro\u00dfraum von Vorau, kam es insgesamt zu 25 Schadenslagen, welche unsere sowie die Hilfe unserer Nachbarwehren erforderten. Die bereits ges\u00e4ttigten B\u00f6den, konnten die \u00fcberdurchschnittlich gro\u00dfen Regenmengen nicht mehr aufnehmen. Die Schadenslagen reichten \u00fcber weite Teile von Vorau hinweg, \u00e4u\u00dferst schwer getroffen waren jedoch Gebiete in Puchegg und Vorau entlang der Bahnhofstra\u00dfe bis nach Beig\u00fctl.<\/p>\n\n\n\n<p>Die eingehenden Alarmierungen umfassten eine gro\u00dfe Bandbreite, darunterliegend eine grobe \u00dcbersicht der Schadenslagen bzw. einige Eckpunkte zum Einsatz:<\/p>\n\n\n\n<ul class=\"wp-block-list\">\n<li>Auspumpen von \u00fcberflutenden Kellern, Stra\u00dfen &amp; Vorpl\u00e4tzen<\/li>\n\n\n\n<li>Freir\u00e4umen von Stra\u00dfen und Hauszufahrten aufgrund von Murenabg\u00e4ngen, umgest\u00fcrzten B\u00e4umen und Ger\u00f6llmassen \u2013 ganze Stra\u00dfenz\u00fcge wurden unterschwemmt, Teilst\u00fccke sowie Br\u00fccken wurden weggerissen, wodurch zahlreiche Stra\u00dfen g\u00e4nzlich gesperrt werden mussten (bestimmte Einsatzszenarien konnten am ersten Abend nicht abgearbeitet werden, da die Zufahrt nicht mehr gegeben war!)<\/li>\n\n\n\n<li>Freir\u00e4umen der L405 in Fahrtrichtung Rohrbach mittels Teleskoplader der FF P\u00f6llau (weite Strecken hinweg waren nicht befahrbar)<\/li>\n\n\n\n<li>Eine Alarmierung aufgrund eines Brandverdachtes in das Fernheizwerk erwies sich als Fehlalarmierung<\/li>\n\n\n\n<li>Bergung eines PKW, welcher von den Wassermassen mitgerissen wurde<\/li>\n\n\n\n<li>Teile des Vorauer Ortskerns waren \u00fcber 1-2h ohne Strom<\/li>\n<\/ul>\n\n\n\n<p>Um die Eins\u00e4tze effizient abzuarbeiten, wurden im R\u00fcsthaus Vorau eine Einsatzleitstelle installiert. Diese wurde im fr\u00fchen Stadium des Abends von unserer Nachbarwehr der FF P\u00f6llau ausgeweitet und musterg\u00fcltig koordiniert. Nebst unseren Kommandanten war auch unser B\u00fcrgermeister Patriz Rechberger im R\u00fcsthaus im Stab vertreten.<\/p>\n\n\n\n<p>Eingesetzt waren am besagten Tag in Vorau gesamt \u00fcber 100 KameradInnen:<\/p>\n\n\n\n<ul class=\"wp-block-list\">\n<li>Feuerwehr Vorau mit RLFA, HLF4, LKWA, MZFA &amp; MTFA sowie 30 Kameraden<\/li>\n\n\n\n<li>Feuerwehr P\u00f6llau mit KDO, TLF-A 4000, SRF &amp; TL sowie 16 Kameraden<\/li>\n\n\n\n<li>Feuerwehr St. Jakob im Walde mit HLF4, KLFA &amp; MTFA sowie 21 Kameraden<\/li>\n\n\n\n<li>Feuerwehr M\u00f6nichwald mit BLF und 4 Kameraden<\/li>\n\n\n\n<li>Feuerwehr Wenigzell mit LFA &amp; RLF sowie 17 Kameraden<\/li>\n\n\n\n<li>Feuerwehr St. Lorenzen am Wechsel mit RLFA, LKW &amp; KLFA sowie 24 Kameraden<\/li>\n<\/ul>\n\n\n\n<p>Teile davon r\u00fcckten unmittelbar nach der Ankunft wieder retour ins eigene Einsatzgebiet und\/oder weiter zur Unterst\u00fctzung in den Gro\u00dfraum Rohrbach &amp; Lafnitz.<\/p>\n\n\n\n<p>Wir m\u00f6chten uns an dieser Stelle nochmals bei allen KameradInnen unserer Nachbarwehren herzlichst f\u00fcr die Unterst\u00fctzung bedanken. Nach ca. 5h konnten wir s\u00e4mtliche Fahrzeugen ins R\u00fcsthaus einstellen und die Einsatzbereitschaft wiederherstellen.<\/p>\n\n\n\n<figure class=\"wp-block-gallery has-nested-images columns-default is-cropped wp-block-gallery-1 is-layout-flex wp-block-gallery-is-layout-flex\">\n<figure class=\"wp-block-image size-large\"><a href=\"https:\/\/feuerwehr-vorau.at\/site\/wp-content\/uploads\/2024\/06\/01-1-rotated.jpg\"><img fetchpriority=\"high\" fetchpriority=\"high\" decoding=\"async\" width=\"768\" height=\"1024\" data-id=\"3866\" src=\"https:\/\/feuerwehr-vorau.at\/site\/wp-content\/uploads\/2024\/06\/01-1-768x1024.jpg\" alt=\"\" class=\"wp-image-3866\"\/><\/a><\/figure>\n\n\n\n<figure class=\"wp-block-image size-large\"><a href=\"https:\/\/feuerwehr-vorau.at\/site\/wp-content\/uploads\/2024\/06\/02-1-rotated.jpg\"><img decoding=\"async\" width=\"768\" height=\"1024\" data-id=\"3867\" src=\"https:\/\/feuerwehr-vorau.at\/site\/wp-content\/uploads\/2024\/06\/02-1-768x1024.jpg\" alt=\"\" class=\"wp-image-3867\"\/><\/a><\/figure>\n\n\n\n<figure class=\"wp-block-image size-large\"><a href=\"https:\/\/feuerwehr-vorau.at\/site\/wp-content\/uploads\/2024\/06\/03-1.jpeg\"><img decoding=\"async\" width=\"768\" height=\"1024\" data-id=\"3862\" src=\"https:\/\/feuerwehr-vorau.at\/site\/wp-content\/uploads\/2024\/06\/03-1-768x1024.jpeg\" alt=\"\" class=\"wp-image-3862\"\/><\/a><\/figure>\n\n\n\n<figure class=\"wp-block-image size-large\"><a href=\"https:\/\/feuerwehr-vorau.at\/site\/wp-content\/uploads\/2024\/06\/04-1.jpeg\"><img loading=\"lazy\" loading=\"lazy\" decoding=\"async\" width=\"576\" height=\"1024\" data-id=\"3865\" src=\"https:\/\/feuerwehr-vorau.at\/site\/wp-content\/uploads\/2024\/06\/04-1-576x1024.jpeg\" alt=\"\" class=\"wp-image-3865\" srcset=\"https:\/\/feuerwehr-vorau.at\/site\/wp-content\/uploads\/2024\/06\/04-1-576x1024.jpeg 576w, https:\/\/feuerwehr-vorau.at\/site\/wp-content\/uploads\/2024\/06\/04-1-480x853.jpeg 480w\" sizes=\"(min-width: 0px) and (max-width: 480px) 480px, (min-width: 481px) 576px, 100vw\" \/><\/a><\/figure>\n\n\n\n<figure class=\"wp-block-image size-large\"><a href=\"https:\/\/feuerwehr-vorau.at\/site\/wp-content\/uploads\/2024\/06\/05-1.jpeg\"><img loading=\"lazy\" loading=\"lazy\" decoding=\"async\" width=\"1024\" height=\"576\" data-id=\"3860\" src=\"https:\/\/feuerwehr-vorau.at\/site\/wp-content\/uploads\/2024\/06\/05-1-1024x576.jpeg\" alt=\"\" class=\"wp-image-3860\" srcset=\"https:\/\/feuerwehr-vorau.at\/site\/wp-content\/uploads\/2024\/06\/05-1-980x551.jpeg 980w, https:\/\/feuerwehr-vorau.at\/site\/wp-content\/uploads\/2024\/06\/05-1-480x270.jpeg 480w\" sizes=\"(min-width: 0px) and (max-width: 480px) 480px, (min-width: 481px) and (max-width: 980px) 980px, (min-width: 981px) 1024px, 100vw\" \/><\/a><\/figure>\n\n\n\n<figure class=\"wp-block-image size-large\"><a href=\"https:\/\/feuerwehr-vorau.at\/site\/wp-content\/uploads\/2024\/06\/06-1.jpeg\"><img loading=\"lazy\" loading=\"lazy\" decoding=\"async\" width=\"1024\" height=\"576\" data-id=\"3864\" src=\"https:\/\/feuerwehr-vorau.at\/site\/wp-content\/uploads\/2024\/06\/06-1-1024x576.jpeg\" alt=\"\" class=\"wp-image-3864\" srcset=\"https:\/\/feuerwehr-vorau.at\/site\/wp-content\/uploads\/2024\/06\/06-1-980x551.jpeg 980w, https:\/\/feuerwehr-vorau.at\/site\/wp-content\/uploads\/2024\/06\/06-1-480x270.jpeg 480w\" sizes=\"(min-width: 0px) and (max-width: 480px) 480px, (min-width: 481px) and (max-width: 980px) 980px, (min-width: 981px) 1024px, 100vw\" \/><\/a><\/figure>\n\n\n\n<figure class=\"wp-block-image size-large\"><a href=\"https:\/\/feuerwehr-vorau.at\/site\/wp-content\/uploads\/2024\/06\/07-1.jpeg\"><img loading=\"lazy\" loading=\"lazy\" decoding=\"async\" width=\"576\" height=\"1024\" data-id=\"3861\" src=\"https:\/\/feuerwehr-vorau.at\/site\/wp-content\/uploads\/2024\/06\/07-1-576x1024.jpeg\" alt=\"\" class=\"wp-image-3861\"\/><\/a><\/figure>\n\n\n\n<figure class=\"wp-block-image size-large\"><a href=\"https:\/\/feuerwehr-vorau.at\/site\/wp-content\/uploads\/2024\/06\/08.jpeg\"><img loading=\"lazy\" loading=\"lazy\" decoding=\"async\" width=\"1024\" height=\"576\" data-id=\"3863\" src=\"https:\/\/feuerwehr-vorau.at\/site\/wp-content\/uploads\/2024\/06\/08-1024x576.jpeg\" alt=\"\" class=\"wp-image-3863\" srcset=\"https:\/\/feuerwehr-vorau.at\/site\/wp-content\/uploads\/2024\/06\/08-980x551.jpeg 980w, https:\/\/feuerwehr-vorau.at\/site\/wp-content\/uploads\/2024\/06\/08-480x270.jpeg 480w\" sizes=\"(min-width: 0px) and (max-width: 480px) 480px, (min-width: 481px) and (max-width: 980px) 980px, (min-width: 981px) 1024px, 100vw\" \/><\/a><\/figure>\n\n\n\n<figure class=\"wp-block-image size-large\"><a href=\"https:\/\/feuerwehr-vorau.at\/site\/wp-content\/uploads\/2024\/06\/09-1.jpeg\"><img loading=\"lazy\" loading=\"lazy\" decoding=\"async\" width=\"1024\" height=\"768\" data-id=\"3885\" src=\"https:\/\/feuerwehr-vorau.at\/site\/wp-content\/uploads\/2024\/06\/09-1-1024x768.jpeg\" alt=\"\" class=\"wp-image-3885\" srcset=\"https:\/\/feuerwehr-vorau.at\/site\/wp-content\/uploads\/2024\/06\/09-1-980x735.jpeg 980w, https:\/\/feuerwehr-vorau.at\/site\/wp-content\/uploads\/2024\/06\/09-1-480x360.jpeg 480w\" sizes=\"(min-width: 0px) and (max-width: 480px) 480px, (min-width: 481px) and (max-width: 980px) 980px, (min-width: 981px) 1024px, 100vw\" \/><\/a><\/figure>\n\n\n\n<figure class=\"wp-block-image size-large\"><a href=\"https:\/\/feuerwehr-vorau.at\/site\/wp-content\/uploads\/2024\/06\/10.jpeg\"><img loading=\"lazy\" loading=\"lazy\" decoding=\"async\" width=\"1024\" height=\"768\" data-id=\"3886\" src=\"https:\/\/feuerwehr-vorau.at\/site\/wp-content\/uploads\/2024\/06\/10-1024x768.jpeg\" alt=\"\" class=\"wp-image-3886\" srcset=\"https:\/\/feuerwehr-vorau.at\/site\/wp-content\/uploads\/2024\/06\/10-980x735.jpeg 980w, https:\/\/feuerwehr-vorau.at\/site\/wp-content\/uploads\/2024\/06\/10-480x360.jpeg 480w\" sizes=\"(min-width: 0px) and (max-width: 480px) 480px, (min-width: 481px) and (max-width: 980px) 980px, (min-width: 981px) 1024px, 100vw\" \/><\/a><\/figure>\n<\/figure>\n","protected":false},"excerpt":{"rendered":"<p>Am Samstag, dem 08.06.2024 wurden wir um 20:02Uhr mittels Sirenenalarm zu zahlreichen Eins\u00e4tzen im Vorauer Gemeindegebiet gerufen. Kurze Zeit sp\u00e4ter folgten zahlreiche weitere Alarmierungen, u.a. ert\u00f6nte um 20:11Uhr ein weiteres Mal die Sirene. Aufgrund der heftigen Niederschl\u00e4ge im Gro\u00dfraum von Vorau, kam es insgesamt zu 25 Schadenslagen, welche unsere sowie die Hilfe unserer Nachbarwehren erforderten. [&hellip;]<\/p>\n","protected":false},"author":3,"featured_media":3852,"comment_status":"open","ping_status":"open","sticky":false,"template":"","format":"standard","meta":{"_et_pb_use_builder":"off","_et_pb_old_content":"","_et_gb_content_width":"","inline_featured_image":false,"_vp_format_video_url":"","_vp_image_focal_point":[],"footnotes":""},"categories":[25],"tags":[],"class_list":["post-3851","post","type-post","status-publish","format-standard","has-post-thumbnail","hentry","category-uebungen"],"_links":{"self":[{"href":"https:\/\/feuerwehr-vorau.at\/site\/wp-json\/wp\/v2\/posts\/3851","targetHints":{"allow":["GET"]}}],"collection":[{"href":"https:\/\/feuerwehr-vorau.at\/site\/wp-json\/wp\/v2\/posts"}],"about":[{"href":"https:\/\/feuerwehr-vorau.at\/site\/wp-json\/wp\/v2\/types\/post"}],"author":[{"embeddable":true,"href":"https:\/\/feuerwehr-vorau.at\/site\/wp-json\/wp\/v2\/users\/3"}],"replies":[{"embeddable":true,"href":"https:\/\/feuerwehr-vorau.at\/site\/wp-json\/wp\/v2\/comments?post=3851"}],"version-history":[{"count":0,"href":"https:\/\/feuerwehr-vorau.at\/site\/wp-json\/wp\/v2\/posts\/3851\/revisions"}],"wp:featuredmedia":[{"embeddable":true,"href":"https:\/\/feuerwehr-vorau.at\/site\/wp-json\/wp\/v2\/media\/3852"}],"wp:attachment":[{"href":"https:\/\/feuerwehr-vorau.at\/site\/wp-json\/wp\/v2\/media?parent=3851"}],"wp:term":[{"taxonomy":"category","embeddable":true,"href":"https:\/\/feuerwehr-vorau.at\/site\/wp-json\/wp\/v2\/categories?post=3851"},{"taxonomy":"post_tag","embeddable":true,"href":"https:\/\/feuerwehr-vorau.at\/site\/wp-json\/wp\/v2\/tags?post=3851"}],"curies":[{"name":"wp","href":"https:\/\/api.w.org\/{rel}","templated":true}]}}