{"id":3817,"date":"2024-05-27T16:41:25","date_gmt":"2024-05-27T14:41:25","guid":{"rendered":"https:\/\/feuerwehr-vorau.at\/site\/?p=3817"},"modified":"2024-05-27T16:43:42","modified_gmt":"2024-05-27T14:43:42","slug":"fahrzeugbergung-in-vorau-3","status":"publish","type":"post","link":"https:\/\/feuerwehr-vorau.at\/site\/fahrzeugbergung-in-vorau-3\/","title":{"rendered":"Fahrzeugbergung in Vorau"},"content":{"rendered":"\n<p>Am Montag, dem 27.05.2024 wurde die Feuerwehr Vorau um 07:50 Uhr mit Stillem Alarm zu einer Fahrzeugbergung im Ortsgebiet von Vorau alarmiert. Sieben KameradInnen r\u00fcckten mit dem RLFA zum Einsatz aus.<\/p>\n\n\n\n<p>Ein PKW-Lenker war auf einer schmalen Hauszufahrt mit seinem Fahrzeug vom Weg abgekommen und in den Graben gerutscht. Aufgrund der beengten Gegebenheiten war ein Einsatz der Seilwinde nicht m\u00f6glich. Nach dem Entfernen von einigen Str\u00e4uchern und eines Baumes wurde das Fahrzeug mittels zweier Greifz\u00fcge auf den Weg zur\u00fcck gezogen.<\/p>\n\n\n\n<p>Im Einsatz war das RLFA Vorau und die FF P\u00f6llau mit dem SRF. Herzlichen Dank an die FF-P\u00f6llau f\u00fcr die gute Zusammenarbeit.<\/p>\n\n\n\n<p><\/p>\n\n\n\n<figure class=\"wp-block-gallery has-nested-images columns-default is-cropped wp-block-gallery-1 is-layout-flex wp-block-gallery-is-layout-flex\">\n<figure class=\"wp-block-image size-large\"><a href=\"https:\/\/feuerwehr-vorau.at\/site\/wp-content\/uploads\/2024\/05\/fahrzeugbergung_01_1280x-1.jpg\"><img fetchpriority=\"high\" fetchpriority=\"high\" decoding=\"async\" width=\"720\" height=\"960\" data-id=\"3820\" src=\"https:\/\/feuerwehr-vorau.at\/site\/wp-content\/uploads\/2024\/05\/fahrzeugbergung_01_1280x-1.jpg\" alt=\"\" class=\"wp-image-3820\" srcset=\"https:\/\/feuerwehr-vorau.at\/site\/wp-content\/uploads\/2024\/05\/fahrzeugbergung_01_1280x-1.jpg 720w, https:\/\/feuerwehr-vorau.at\/site\/wp-content\/uploads\/2024\/05\/fahrzeugbergung_01_1280x-1-480x640.jpg 480w\" sizes=\"(min-width: 0px) and (max-width: 480px) 480px, (min-width: 481px) 720px, 100vw\" \/><\/a><\/figure>\n\n\n\n<figure class=\"wp-block-image size-large\"><a href=\"https:\/\/feuerwehr-vorau.at\/site\/wp-content\/uploads\/2024\/05\/fahrzeugbergung_02_1280x-1.jpg\"><img decoding=\"async\" width=\"1024\" height=\"768\" data-id=\"3821\" src=\"https:\/\/feuerwehr-vorau.at\/site\/wp-content\/uploads\/2024\/05\/fahrzeugbergung_02_1280x-1-1024x768.jpg\" alt=\"\" class=\"wp-image-3821\" srcset=\"https:\/\/feuerwehr-vorau.at\/site\/wp-content\/uploads\/2024\/05\/fahrzeugbergung_02_1280x-1-1024x768.jpg 1024w, https:\/\/feuerwehr-vorau.at\/site\/wp-content\/uploads\/2024\/05\/fahrzeugbergung_02_1280x-1-980x735.jpg 980w, https:\/\/feuerwehr-vorau.at\/site\/wp-content\/uploads\/2024\/05\/fahrzeugbergung_02_1280x-1-480x360.jpg 480w\" sizes=\"(min-width: 0px) and (max-width: 480px) 480px, (min-width: 481px) and (max-width: 980px) 980px, (min-width: 981px) 1024px, 100vw\" \/><\/a><\/figure>\n\n\n\n<figure class=\"wp-block-image size-large\"><a href=\"https:\/\/feuerwehr-vorau.at\/site\/wp-content\/uploads\/2024\/05\/fahrzeugbergung_03_1280x.jpg\"><img decoding=\"async\" width=\"1024\" height=\"768\" data-id=\"3822\" src=\"https:\/\/feuerwehr-vorau.at\/site\/wp-content\/uploads\/2024\/05\/fahrzeugbergung_03_1280x-1024x768.jpg\" alt=\"\" class=\"wp-image-3822\" srcset=\"https:\/\/feuerwehr-vorau.at\/site\/wp-content\/uploads\/2024\/05\/fahrzeugbergung_03_1280x-1024x768.jpg 1024w, https:\/\/feuerwehr-vorau.at\/site\/wp-content\/uploads\/2024\/05\/fahrzeugbergung_03_1280x-980x735.jpg 980w, https:\/\/feuerwehr-vorau.at\/site\/wp-content\/uploads\/2024\/05\/fahrzeugbergung_03_1280x-480x360.jpg 480w\" sizes=\"(min-width: 0px) and (max-width: 480px) 480px, (min-width: 481px) and (max-width: 980px) 980px, (min-width: 981px) 1024px, 100vw\" \/><\/a><\/figure>\n\n\n\n<figure class=\"wp-block-image size-large\"><a href=\"https:\/\/feuerwehr-vorau.at\/site\/wp-content\/uploads\/2024\/05\/fahrzeugbergung_06_1280x.jpg\"><img loading=\"lazy\" loading=\"lazy\" decoding=\"async\" width=\"1024\" height=\"768\" data-id=\"3825\" src=\"https:\/\/feuerwehr-vorau.at\/site\/wp-content\/uploads\/2024\/05\/fahrzeugbergung_06_1280x-1024x768.jpg\" alt=\"\" class=\"wp-image-3825\" srcset=\"https:\/\/feuerwehr-vorau.at\/site\/wp-content\/uploads\/2024\/05\/fahrzeugbergung_06_1280x-1024x768.jpg 1024w, https:\/\/feuerwehr-vorau.at\/site\/wp-content\/uploads\/2024\/05\/fahrzeugbergung_06_1280x-980x735.jpg 980w, https:\/\/feuerwehr-vorau.at\/site\/wp-content\/uploads\/2024\/05\/fahrzeugbergung_06_1280x-480x360.jpg 480w\" sizes=\"(min-width: 0px) and (max-width: 480px) 480px, (min-width: 481px) and (max-width: 980px) 980px, (min-width: 981px) 1024px, 100vw\" \/><\/a><\/figure>\n\n\n\n<figure class=\"wp-block-image size-large\"><a href=\"https:\/\/feuerwehr-vorau.at\/site\/wp-content\/uploads\/2024\/05\/fahrzeugbergung_04_1280x.jpg\"><img loading=\"lazy\" loading=\"lazy\" decoding=\"async\" width=\"1024\" height=\"768\" data-id=\"3823\" src=\"https:\/\/feuerwehr-vorau.at\/site\/wp-content\/uploads\/2024\/05\/fahrzeugbergung_04_1280x-1024x768.jpg\" alt=\"\" class=\"wp-image-3823\" srcset=\"https:\/\/feuerwehr-vorau.at\/site\/wp-content\/uploads\/2024\/05\/fahrzeugbergung_04_1280x-1024x768.jpg 1024w, https:\/\/feuerwehr-vorau.at\/site\/wp-content\/uploads\/2024\/05\/fahrzeugbergung_04_1280x-980x735.jpg 980w, https:\/\/feuerwehr-vorau.at\/site\/wp-content\/uploads\/2024\/05\/fahrzeugbergung_04_1280x-480x360.jpg 480w\" sizes=\"(min-width: 0px) and (max-width: 480px) 480px, (min-width: 481px) and (max-width: 980px) 980px, (min-width: 981px) 1024px, 100vw\" \/><\/a><\/figure>\n\n\n\n<figure class=\"wp-block-image size-large\"><a href=\"https:\/\/feuerwehr-vorau.at\/site\/wp-content\/uploads\/2024\/05\/fahrzeugbergung_05_1280x.jpg\"><img loading=\"lazy\" loading=\"lazy\" decoding=\"async\" width=\"1024\" height=\"768\" data-id=\"3824\" src=\"https:\/\/feuerwehr-vorau.at\/site\/wp-content\/uploads\/2024\/05\/fahrzeugbergung_05_1280x-1024x768.jpg\" alt=\"\" class=\"wp-image-3824\" srcset=\"https:\/\/feuerwehr-vorau.at\/site\/wp-content\/uploads\/2024\/05\/fahrzeugbergung_05_1280x-1024x768.jpg 1024w, https:\/\/feuerwehr-vorau.at\/site\/wp-content\/uploads\/2024\/05\/fahrzeugbergung_05_1280x-980x735.jpg 980w, https:\/\/feuerwehr-vorau.at\/site\/wp-content\/uploads\/2024\/05\/fahrzeugbergung_05_1280x-480x360.jpg 480w\" sizes=\"(min-width: 0px) and (max-width: 480px) 480px, (min-width: 481px) and (max-width: 980px) 980px, (min-width: 981px) 1024px, 100vw\" \/><\/a><\/figure>\n\n\n\n<figure class=\"wp-block-image size-large\"><a href=\"https:\/\/feuerwehr-vorau.at\/site\/wp-content\/uploads\/2024\/05\/fahrzeugbergung_07_1280x.jpg\"><img loading=\"lazy\" loading=\"lazy\" decoding=\"async\" width=\"1024\" height=\"768\" data-id=\"3826\" src=\"https:\/\/feuerwehr-vorau.at\/site\/wp-content\/uploads\/2024\/05\/fahrzeugbergung_07_1280x-1024x768.jpg\" alt=\"\" class=\"wp-image-3826\" srcset=\"https:\/\/feuerwehr-vorau.at\/site\/wp-content\/uploads\/2024\/05\/fahrzeugbergung_07_1280x-1024x768.jpg 1024w, https:\/\/feuerwehr-vorau.at\/site\/wp-content\/uploads\/2024\/05\/fahrzeugbergung_07_1280x-980x735.jpg 980w, https:\/\/feuerwehr-vorau.at\/site\/wp-content\/uploads\/2024\/05\/fahrzeugbergung_07_1280x-480x360.jpg 480w\" sizes=\"(min-width: 0px) and (max-width: 480px) 480px, (min-width: 481px) and (max-width: 980px) 980px, (min-width: 981px) 1024px, 100vw\" \/><\/a><\/figure>\n\n\n\n<figure class=\"wp-block-image size-large\"><a href=\"https:\/\/feuerwehr-vorau.at\/site\/wp-content\/uploads\/2024\/05\/fahrzeugbergung_08_1280x.jpg\"><img loading=\"lazy\" loading=\"lazy\" decoding=\"async\" width=\"720\" height=\"960\" data-id=\"3827\" src=\"https:\/\/feuerwehr-vorau.at\/site\/wp-content\/uploads\/2024\/05\/fahrzeugbergung_08_1280x.jpg\" alt=\"\" class=\"wp-image-3827\" srcset=\"https:\/\/feuerwehr-vorau.at\/site\/wp-content\/uploads\/2024\/05\/fahrzeugbergung_08_1280x.jpg 720w, https:\/\/feuerwehr-vorau.at\/site\/wp-content\/uploads\/2024\/05\/fahrzeugbergung_08_1280x-480x640.jpg 480w\" sizes=\"(min-width: 0px) and (max-width: 480px) 480px, (min-width: 481px) 720px, 100vw\" \/><\/a><\/figure>\n\n\n\n<figure class=\"wp-block-image size-large\"><a href=\"https:\/\/feuerwehr-vorau.at\/site\/wp-content\/uploads\/2024\/05\/fahrzeugbergung_09_1280x.jpg\"><img loading=\"lazy\" loading=\"lazy\" decoding=\"async\" width=\"720\" height=\"960\" data-id=\"3828\" src=\"https:\/\/feuerwehr-vorau.at\/site\/wp-content\/uploads\/2024\/05\/fahrzeugbergung_09_1280x.jpg\" alt=\"\" class=\"wp-image-3828\" srcset=\"https:\/\/feuerwehr-vorau.at\/site\/wp-content\/uploads\/2024\/05\/fahrzeugbergung_09_1280x.jpg 720w, https:\/\/feuerwehr-vorau.at\/site\/wp-content\/uploads\/2024\/05\/fahrzeugbergung_09_1280x-480x640.jpg 480w\" sizes=\"(min-width: 0px) and (max-width: 480px) 480px, (min-width: 481px) 720px, 100vw\" \/><\/a><\/figure>\n<\/figure>\n","protected":false},"excerpt":{"rendered":"<p>Am Montag, dem 27.05.2024 wurde die Feuerwehr Vorau um 07:50 Uhr mit Stillem Alarm zu einer Fahrzeugbergung im Ortsgebiet von Vorau alarmiert. Sieben KameradInnen r\u00fcckten mit dem RLFA zum Einsatz aus. Ein PKW-Lenker war auf einer schmalen Hauszufahrt mit seinem Fahrzeug vom Weg abgekommen und in den Graben gerutscht. Aufgrund der beengten Gegebenheiten war ein [&hellip;]<\/p>\n","protected":false},"author":1,"featured_media":3824,"comment_status":"open","ping_status":"open","sticky":false,"template":"","format":"standard","meta":{"_et_pb_use_builder":"off","_et_pb_old_content":"","_et_gb_content_width":"","inline_featured_image":false,"_vp_format_video_url":"","_vp_image_focal_point":[],"footnotes":""},"categories":[24],"tags":[],"class_list":["post-3817","post","type-post","status-publish","format-standard","has-post-thumbnail","hentry","category-einsaetze"],"_links":{"self":[{"href":"https:\/\/feuerwehr-vorau.at\/site\/wp-json\/wp\/v2\/posts\/3817","targetHints":{"allow":["GET"]}}],"collection":[{"href":"https:\/\/feuerwehr-vorau.at\/site\/wp-json\/wp\/v2\/posts"}],"about":[{"href":"https:\/\/feuerwehr-vorau.at\/site\/wp-json\/wp\/v2\/types\/post"}],"author":[{"embeddable":true,"href":"https:\/\/feuerwehr-vorau.at\/site\/wp-json\/wp\/v2\/users\/1"}],"replies":[{"embeddable":true,"href":"https:\/\/feuerwehr-vorau.at\/site\/wp-json\/wp\/v2\/comments?post=3817"}],"version-history":[{"count":0,"href":"https:\/\/feuerwehr-vorau.at\/site\/wp-json\/wp\/v2\/posts\/3817\/revisions"}],"wp:featuredmedia":[{"embeddable":true,"href":"https:\/\/feuerwehr-vorau.at\/site\/wp-json\/wp\/v2\/media\/3824"}],"wp:attachment":[{"href":"https:\/\/feuerwehr-vorau.at\/site\/wp-json\/wp\/v2\/media?parent=3817"}],"wp:term":[{"taxonomy":"category","embeddable":true,"href":"https:\/\/feuerwehr-vorau.at\/site\/wp-json\/wp\/v2\/categories?post=3817"},{"taxonomy":"post_tag","embeddable":true,"href":"https:\/\/feuerwehr-vorau.at\/site\/wp-json\/wp\/v2\/tags?post=3817"}],"curies":[{"name":"wp","href":"https:\/\/api.w.org\/{rel}","templated":true}]}}