{"id":3649,"date":"2024-03-23T07:30:51","date_gmt":"2024-03-23T06:30:51","guid":{"rendered":"https:\/\/feuerwehr-vorau.at\/site\/?p=3649"},"modified":"2024-03-26T07:32:59","modified_gmt":"2024-03-26T06:32:59","slug":"kommandantentag-in-lafnitz-ehrung-hbi-a-d-ewald-perl","status":"publish","type":"post","link":"https:\/\/feuerwehr-vorau.at\/site\/kommandantentag-in-lafnitz-ehrung-hbi-a-d-ewald-perl\/","title":{"rendered":"Kommandantentag in Lafnitz &amp; Ehrung HBI a. D. Ewald Perl"},"content":{"rendered":"\n<p>Am Freitag, 22. M\u00e4rz 2024 fand der diesj\u00e4hrige Kommandantentag im Kulturzentrum in Lafnitz statt. Dabei versammelten sich alle Kommandanten, deren Stellvertreter sowie die Bereichsbeauftragten des BFV Hartbergs und zahlreiche Ehreng\u00e4ste.<\/p>\n\n\n\n<p>Unter der Anwesenheit von LBD Reinhard Leichtfried wurde am besagten Tag auch zahlreiche Ehrungen vorgenommen. Dabei wurde unser HBI a. D. Ewald Perl mit dem steirischen Feuerwehrleistungsabzeichen in Silber f\u00fcr \u00fcber 15 Jahre F\u00fchrungsfunktion in einer Feuerwehr geehrt.<\/p>\n\n\n\n<p>Lieber Ewald, wir gratulieren Dir sehr herzlich zu dieser wohlverdienten Ehrung.<\/p>\n\n\n\n<figure class=\"wp-block-gallery has-nested-images columns-default is-cropped wp-block-gallery-1 is-layout-flex wp-block-gallery-is-layout-flex\">\n<figure class=\"wp-block-image size-large\"><a href=\"https:\/\/feuerwehr-vorau.at\/site\/wp-content\/uploads\/2024\/03\/WhatsApp-Image-2024-03-24-at-06.53.54-1.jpeg\"><img fetchpriority=\"high\" fetchpriority=\"high\" decoding=\"async\" width=\"1024\" height=\"768\" data-id=\"3650\" src=\"https:\/\/feuerwehr-vorau.at\/site\/wp-content\/uploads\/2024\/03\/WhatsApp-Image-2024-03-24-at-06.53.54-1-1024x768.jpeg\" alt=\"\" class=\"wp-image-3650\" srcset=\"https:\/\/feuerwehr-vorau.at\/site\/wp-content\/uploads\/2024\/03\/WhatsApp-Image-2024-03-24-at-06.53.54-1-980x735.jpeg 980w, https:\/\/feuerwehr-vorau.at\/site\/wp-content\/uploads\/2024\/03\/WhatsApp-Image-2024-03-24-at-06.53.54-1-480x360.jpeg 480w\" sizes=\"(min-width: 0px) and (max-width: 480px) 480px, (min-width: 481px) and (max-width: 980px) 980px, (min-width: 981px) 1024px, 100vw\" \/><\/a><\/figure>\n\n\n\n<figure class=\"wp-block-image size-large\"><a href=\"https:\/\/feuerwehr-vorau.at\/site\/wp-content\/uploads\/2024\/03\/WhatsApp-Image-2024-03-24-at-06.59.59.jpeg\"><img decoding=\"async\" width=\"1024\" height=\"683\" data-id=\"3651\" src=\"https:\/\/feuerwehr-vorau.at\/site\/wp-content\/uploads\/2024\/03\/WhatsApp-Image-2024-03-24-at-06.59.59-1024x683.jpeg\" alt=\"\" class=\"wp-image-3651\" srcset=\"https:\/\/feuerwehr-vorau.at\/site\/wp-content\/uploads\/2024\/03\/WhatsApp-Image-2024-03-24-at-06.59.59-980x653.jpeg 980w, https:\/\/feuerwehr-vorau.at\/site\/wp-content\/uploads\/2024\/03\/WhatsApp-Image-2024-03-24-at-06.59.59-480x320.jpeg 480w\" sizes=\"(min-width: 0px) and (max-width: 480px) 480px, (min-width: 481px) and (max-width: 980px) 980px, (min-width: 981px) 1024px, 100vw\" \/><\/a><\/figure>\n<\/figure>\n","protected":false},"excerpt":{"rendered":"<p>Am Freitag, 22. M\u00e4rz 2024 fand der diesj\u00e4hrige Kommandantentag im Kulturzentrum in Lafnitz statt. Dabei versammelten sich alle Kommandanten, deren Stellvertreter sowie die Bereichsbeauftragten des BFV Hartbergs und zahlreiche Ehreng\u00e4ste. Unter der Anwesenheit von LBD Reinhard Leichtfried wurde am besagten Tag auch zahlreiche Ehrungen vorgenommen. Dabei wurde unser HBI a. D. Ewald Perl mit dem [&hellip;]<\/p>\n","protected":false},"author":3,"featured_media":3652,"comment_status":"open","ping_status":"open","sticky":false,"template":"","format":"standard","meta":{"_et_pb_use_builder":"off","_et_pb_old_content":"","_et_gb_content_width":"","inline_featured_image":false,"_vp_format_video_url":"","_vp_image_focal_point":[],"footnotes":""},"categories":[26],"tags":[],"class_list":["post-3649","post","type-post","status-publish","format-standard","has-post-thumbnail","hentry","category-sonstiges"],"_links":{"self":[{"href":"https:\/\/feuerwehr-vorau.at\/site\/wp-json\/wp\/v2\/posts\/3649","targetHints":{"allow":["GET"]}}],"collection":[{"href":"https:\/\/feuerwehr-vorau.at\/site\/wp-json\/wp\/v2\/posts"}],"about":[{"href":"https:\/\/feuerwehr-vorau.at\/site\/wp-json\/wp\/v2\/types\/post"}],"author":[{"embeddable":true,"href":"https:\/\/feuerwehr-vorau.at\/site\/wp-json\/wp\/v2\/users\/3"}],"replies":[{"embeddable":true,"href":"https:\/\/feuerwehr-vorau.at\/site\/wp-json\/wp\/v2\/comments?post=3649"}],"version-history":[{"count":0,"href":"https:\/\/feuerwehr-vorau.at\/site\/wp-json\/wp\/v2\/posts\/3649\/revisions"}],"wp:featuredmedia":[{"embeddable":true,"href":"https:\/\/feuerwehr-vorau.at\/site\/wp-json\/wp\/v2\/media\/3652"}],"wp:attachment":[{"href":"https:\/\/feuerwehr-vorau.at\/site\/wp-json\/wp\/v2\/media?parent=3649"}],"wp:term":[{"taxonomy":"category","embeddable":true,"href":"https:\/\/feuerwehr-vorau.at\/site\/wp-json\/wp\/v2\/categories?post=3649"},{"taxonomy":"post_tag","embeddable":true,"href":"https:\/\/feuerwehr-vorau.at\/site\/wp-json\/wp\/v2\/tags?post=3649"}],"curies":[{"name":"wp","href":"https:\/\/api.w.org\/{rel}","templated":true}]}}