{"id":1717,"date":"2022-12-04T10:48:32","date_gmt":"2022-12-04T09:48:32","guid":{"rendered":"https:\/\/feuerwehr-vorau.at\/site\/?p=1717"},"modified":"2023-11-13T15:35:23","modified_gmt":"2023-11-13T14:35:23","slug":"neue-umweltfreundliche-beleuchtung-fuer-unser-ruesthaus","status":"publish","type":"post","link":"https:\/\/feuerwehr-vorau.at\/site\/neue-umweltfreundliche-beleuchtung-fuer-unser-ruesthaus\/","title":{"rendered":"Neue umweltfreundliche Beleuchtung f\u00fcr unser R\u00fcsthaus"},"content":{"rendered":"\n<p>Als Feuerwehr Vorau sind wir st\u00e4ndig bem\u00fcht unser R\u00fcsthaus in Schwung zu halten und entsprechend zu modernisieren. Wenn wir dabei auch noch einen Beitrag f\u00fcr die Umwelt leisten k\u00f6nnen, dann freut uns das doppelt.<\/p>\n\n\n\n<p>So konnten wir in einem ersten gro\u00dfen Schritt unser Erdgeschoss samt Garagen, Waschbox, Lager, Kommandoraum, etc. mit neuen LED Leuchten ausstatten. Diese haben eine Lebensdauer von ~50.000h und ersetzen die \u00fcber 20 Jahre alten Leuchtstoffr\u00f6hren. Zudem ben\u00f6tigen sie nur die H\u00e4lfte der Stromaufnahme und schaffen dennoch ca. ein Viertel mehr an Lichtausbeute. Die Arbeiten f\u00fcr die restlichen R\u00e4ume sind im Gange.<\/p>\n\n\n\n<p>Dar\u00fcber hinaus wird unsere Beleuchtungssteuerung auf ein KNX System adaptiert. Somit sollte nicht nur Strom gespart werden, sondern im Ernstfall im R\u00fcsthaus jeweils das richtige Licht an der richtigen Stelle zur rechten Zeit angehen. Dadurch sollten auch Gefahrenpotentiale in hei\u00dfen Phasen reduziert werden.<\/p>\n\n\n\n<p>Ein gro\u00dfer Dank gilt den beteiligten Firmen, Helfern sowie an die Marktgemeinde Vorau f\u00fcr die finanzielle Unterst\u00fctzung beim Umbau.<\/p>\n\n\n\n<figure class=\"wp-block-gallery has-nested-images columns-default is-cropped wp-block-gallery-1 is-layout-flex wp-block-gallery-is-layout-flex\">\n<figure class=\"wp-block-image size-large\"><a href=\"https:\/\/feuerwehr-vorau.at\/site\/wp-content\/uploads\/2022\/12\/03.jpg\"><img fetchpriority=\"high\" fetchpriority=\"high\" decoding=\"async\" width=\"640\" height=\"480\" data-id=\"1719\" src=\"https:\/\/feuerwehr-vorau.at\/site\/wp-content\/uploads\/2022\/12\/03.jpg\" alt=\"\" class=\"wp-image-1719\" srcset=\"https:\/\/feuerwehr-vorau.at\/site\/wp-content\/uploads\/2022\/12\/03.jpg 640w, https:\/\/feuerwehr-vorau.at\/site\/wp-content\/uploads\/2022\/12\/03-480x360.jpg 480w\" sizes=\"(min-width: 0px) and (max-width: 480px) 480px, (min-width: 481px) 640px, 100vw\" \/><\/a><\/figure>\n\n\n\n<figure class=\"wp-block-image size-large\"><a href=\"https:\/\/feuerwehr-vorau.at\/site\/wp-content\/uploads\/2022\/12\/04.jpg\"><img decoding=\"async\" width=\"640\" height=\"480\" data-id=\"1721\" src=\"https:\/\/feuerwehr-vorau.at\/site\/wp-content\/uploads\/2022\/12\/04.jpg\" alt=\"\" class=\"wp-image-1721\" srcset=\"https:\/\/feuerwehr-vorau.at\/site\/wp-content\/uploads\/2022\/12\/04.jpg 640w, https:\/\/feuerwehr-vorau.at\/site\/wp-content\/uploads\/2022\/12\/04-480x360.jpg 480w\" sizes=\"(min-width: 0px) and (max-width: 480px) 480px, (min-width: 481px) 640px, 100vw\" \/><\/a><\/figure>\n\n\n\n<figure class=\"wp-block-image size-large\"><a href=\"https:\/\/feuerwehr-vorau.at\/site\/wp-content\/uploads\/2022\/12\/05.jpg\"><img decoding=\"async\" width=\"480\" height=\"640\" data-id=\"1720\" src=\"https:\/\/feuerwehr-vorau.at\/site\/wp-content\/uploads\/2022\/12\/05.jpg\" alt=\"\" class=\"wp-image-1720\" srcset=\"https:\/\/feuerwehr-vorau.at\/site\/wp-content\/uploads\/2022\/12\/05.jpg 480w, https:\/\/feuerwehr-vorau.at\/site\/wp-content\/uploads\/2022\/12\/05-225x300.jpg 225w, https:\/\/feuerwehr-vorau.at\/site\/wp-content\/uploads\/2022\/12\/05-300x400.jpg 300w\" sizes=\"(max-width: 480px) 100vw, 480px\" \/><\/a><\/figure>\n<\/figure>\n","protected":false},"excerpt":{"rendered":"<p>Als Feuerwehr Vorau sind wir st\u00e4ndig bem\u00fcht unser R\u00fcsthaus in Schwung zu halten und entsprechend zu modernisieren. Wenn wir dabei auch noch einen Beitrag f\u00fcr die Umwelt leisten k\u00f6nnen, dann freut uns das doppelt. So konnten wir in einem ersten gro\u00dfen Schritt unser Erdgeschoss samt Garagen, Waschbox, Lager, Kommandoraum, etc. mit neuen LED Leuchten ausstatten. [&hellip;]<\/p>\n","protected":false},"author":3,"featured_media":1718,"comment_status":"open","ping_status":"open","sticky":false,"template":"","format":"standard","meta":{"_et_pb_use_builder":"off","_et_pb_old_content":"","_et_gb_content_width":"","inline_featured_image":false,"_vp_format_video_url":"","_vp_image_focal_point":[],"footnotes":""},"categories":[26],"tags":[],"class_list":["post-1717","post","type-post","status-publish","format-standard","has-post-thumbnail","hentry","category-sonstiges"],"_links":{"self":[{"href":"https:\/\/feuerwehr-vorau.at\/site\/wp-json\/wp\/v2\/posts\/1717","targetHints":{"allow":["GET"]}}],"collection":[{"href":"https:\/\/feuerwehr-vorau.at\/site\/wp-json\/wp\/v2\/posts"}],"about":[{"href":"https:\/\/feuerwehr-vorau.at\/site\/wp-json\/wp\/v2\/types\/post"}],"author":[{"embeddable":true,"href":"https:\/\/feuerwehr-vorau.at\/site\/wp-json\/wp\/v2\/users\/3"}],"replies":[{"embeddable":true,"href":"https:\/\/feuerwehr-vorau.at\/site\/wp-json\/wp\/v2\/comments?post=1717"}],"version-history":[{"count":0,"href":"https:\/\/feuerwehr-vorau.at\/site\/wp-json\/wp\/v2\/posts\/1717\/revisions"}],"wp:featuredmedia":[{"embeddable":true,"href":"https:\/\/feuerwehr-vorau.at\/site\/wp-json\/wp\/v2\/media\/1718"}],"wp:attachment":[{"href":"https:\/\/feuerwehr-vorau.at\/site\/wp-json\/wp\/v2\/media?parent=1717"}],"wp:term":[{"taxonomy":"category","embeddable":true,"href":"https:\/\/feuerwehr-vorau.at\/site\/wp-json\/wp\/v2\/categories?post=1717"},{"taxonomy":"post_tag","embeddable":true,"href":"https:\/\/feuerwehr-vorau.at\/site\/wp-json\/wp\/v2\/tags?post=1717"}],"curies":[{"name":"wp","href":"https:\/\/api.w.org\/{rel}","templated":true}]}}